{"id":3505,"date":"2013-12-07T03:56:32","date_gmt":"2013-12-07T02:56:32","guid":{"rendered":"http:\/\/ekkehard-friebe.de\/blog\/?p=3505"},"modified":"2013-12-07T03:56:32","modified_gmt":"2013-12-07T02:56:32","slug":"die-einstein-falschung","status":"publish","type":"post","link":"https:\/\/ekkehard-friebe.de\/blog\/die-einstein-falschung\/","title":{"rendered":"Die Einstein-F\u00e4lschung"},"content":{"rendered":"<dl class=\"clearfix fotol\" style=\"text-align: justify; width: 135px;\">\n<dt><img loading=\"lazy\" decoding=\"async\" class=\"alignleft size-full wp-image- 1831\" alt=\"\" src=\"http:\/\/kritik-relativitaetstheorie.de\/wp-content\/uploads\/2011\/07\/Peter-Roesch-Ausweisbild2.jpg\" width=\"125\" height=\"175\" \/><\/dt>\n<\/dl>\n<p><strong><\/strong><strong>Von <span style=\"color: #800000;\"><a href=\"http:\/\/www.worldsci.org\/php\/index.php?tab0=Scientists&amp;tab1=Display&amp;id=744\" target=\"_blank\"><span style=\"color: #800000;\">Peter R\u00f6sch<\/span><\/a> <\/span><\/strong><\/p>\n<p><strong>Die Einstein-F\u00e4lschung\u00a0<\/strong>\u00a0<\/p>\n<p style=\"text-align: justify;\">\u201cDie Zeit\u201d wird gedehnt, \u201cder Raum\u201d gestaucht, und es biegen sich die Balken: so geschieht es in der Einsteinschen Relativit\u00e4tstheorie bei lichtschneller Fortbewegung. Zum Auftakt der Einsteinfeierlichkeiten 2005 hatte der damalige Bundeskanzler Schr\u00f6der in Berlin dar\u00fcber referiert. Leider wurden die wesentlichen Fragen \u00fcbergangen, obwohl schon bei oberfl\u00e4chlichem Befassen mit dem Einstein-Thema allerlei Ungereimtheiten auffallen:<\/p>\n<p style=\"text-align: justify;\">.<br \/>\n<span style=\"color: #800000;\"><a href=\"http:\/\/www.kritik-relativitaetstheorie.de\/Anhaenge\/Peter%20Roesch%20Einstein%20Faelschung.pdf\" target=\"_blank\"><span style=\"color: #800000;\">Hier weiterlesen\u2026<\/span><\/a><\/span><\/p>\n","protected":false},"excerpt":{"rendered":"<p>Von Peter R\u00f6sch Die Einstein-F\u00e4lschung\u00a0\u00a0 \u201cDie Zeit\u201d wird gedehnt, \u201cder Raum\u201d gestaucht, und es biegen sich die Balken: so geschieht es in der Einsteinschen Relativit\u00e4tstheorie bei lichtschneller Fortbewegung. Zum Auftakt der Einsteinfeierlichkeiten 2005 hatte der damalige Bundeskanzler Schr\u00f6der in Berlin dar\u00fcber referiert. Leider wurden die wesentlichen Fragen \u00fcbergangen, obwohl schon bei oberfl\u00e4chlichem Befassen mit dem [&hellip;]<\/p>\n","protected":false},"author":3,"featured_media":0,"comment_status":"open","ping_status":"open","sticky":false,"template":"","format":"standard","meta":{"footnotes":""},"categories":[5],"tags":[],"class_list":["post-3505","post","type-post","status-publish","format-standard","hentry","category-deutschsprachige-kritik-der-relativitatstheorie"],"_links":{"self":[{"href":"https:\/\/ekkehard-friebe.de\/blog\/wp-json\/wp\/v2\/posts\/3505"}],"collection":[{"href":"https:\/\/ekkehard-friebe.de\/blog\/wp-json\/wp\/v2\/posts"}],"about":[{"href":"https:\/\/ekkehard-friebe.de\/blog\/wp-json\/wp\/v2\/types\/post"}],"author":[{"embeddable":true,"href":"https:\/\/ekkehard-friebe.de\/blog\/wp-json\/wp\/v2\/users\/3"}],"replies":[{"embeddable":true,"href":"https:\/\/ekkehard-friebe.de\/blog\/wp-json\/wp\/v2\/comments?post=3505"}],"version-history":[{"count":0,"href":"https:\/\/ekkehard-friebe.de\/blog\/wp-json\/wp\/v2\/posts\/3505\/revisions"}],"wp:attachment":[{"href":"https:\/\/ekkehard-friebe.de\/blog\/wp-json\/wp\/v2\/media?parent=3505"}],"wp:term":[{"taxonomy":"category","embeddable":true,"href":"https:\/\/ekkehard-friebe.de\/blog\/wp-json\/wp\/v2\/categories?post=3505"},{"taxonomy":"post_tag","embeddable":true,"href":"https:\/\/ekkehard-friebe.de\/blog\/wp-json\/wp\/v2\/tags?post=3505"}],"curies":[{"name":"wp","href":"https:\/\/api.w.org\/{rel}","templated":true}]}}