{"id":3056,"date":"2011-11-02T10:15:59","date_gmt":"2011-11-02T09:15:59","guid":{"rendered":"http:\/\/ekkehard-friebe.de\/blog\/?p=3056"},"modified":"2011-11-02T10:15:59","modified_gmt":"2011-11-02T09:15:59","slug":"universum-ohne-urknall-kosmologie-in-der-kontroverse","status":"publish","type":"post","link":"https:\/\/ekkehard-friebe.de\/blog\/universum-ohne-urknall-kosmologie-in-der-kontroverse\/","title":{"rendered":"Universum ohne Urknall. Kosmologie in der Kontroverse"},"content":{"rendered":"<p>von <a href=\"http:\/\/www.astro.uni-bonn.de\/~hfahr\/prof_fahr1.htm\" target=\"_blank\"><strong><span style=\"color: #800000;\">Hans J\u00f6rg Fahr<\/span><\/strong><\/a><\/p>\n<dl class=\"clearfix fotol\" style=\"text-align: justify; width: 134px;\">\n<dt><img loading=\"lazy\" decoding=\"async\" class=\"alignleft size-full wp-image-1831\" src=\"http:\/\/wissenschaftliche-physik.com\/wp-content\/uploads\/2011\/07\/BuchUniversumohneUrknall.jpg\" alt=\"\" width=\"125\" height=\"175\" \/> <\/dt>\n<\/dl>\n<p style=\"TEXT-ALIGN: justify\"><strong><\/strong>\u00a0<\/p>\n<p style=\"TEXT-ALIGN: justify\"><strong><\/strong>\u00a0<br \/>\n<strong>Universum ohne Urknall. Kosmologie in der Kontroverse<br \/>\nHans J\u00f6rg Fahr <\/strong>Spektrum Akademischer Verlag (Oktober 1995)\u00a0<br \/>\n<a href=\"http:\/\/www.amazon.de\/exec\/obidos\/ASIN\/3860256874\/qid=1143368812\/sr=1-1\/ref=sr_1_0_1\/302-5551466-1479215\" target=\"_blank\"><strong><span style=\"color: #800000;\">Amazon<\/span><\/strong><\/a><\/p>\n<p style=\"TEXT-ALIGN: justify\"><strong>Inhalt<br \/>\n<\/strong>Einleitung und Motivation zu diesem Buch:<\/p>\n<p style=\"TEXT-ALIGN: justify\"><!--more-->Was lehrt man die Astronomen?<br \/>\nWas lernt man von den Astronomen?<br \/>\nStrukturen und Entfernungen im Universum<br \/>\nWas sagen Rotverschiebungen?<br \/>\nKontroverse und alternative Rotverschiebungen<br \/>\nAlternative Kosmologien<br \/>\nGibt es ein Urknall-Echo?<br \/>\nDer kosmische Entropiespiegel\u00a0<br \/>\nHaben wir den Kosmos nun eigentlich verstanden?<\/p>\n<p style=\"TEXT-ALIGN: justify\"><strong>Eine Rezension<br \/>\n<\/strong>von<strong> <\/strong><a href=\"http:\/\/www.mahag.com\/buech.php\" target=\"_blank\"><strong><span style=\"color: #800000;\">Harald Maurer<\/span><\/strong><\/a><strong><span style=\"color: #800000;\">:<\/span><\/strong><br \/>\n<em>&quot;In diesem schwungvoll geschriebenen Buch greift Hans-J\u00f6rg H. Fahr die aktuellen Grundfragen der Kosmologie auf und gibt Antworten auf heute kontrovers diskutierte Probleme, Die Erkenntnisse in der Astrophysik und Astronomie schreiten so schnell voran,. da\u00df ihre intellektuelle Bew\u00e4ltigung nur allzu oft widerspr\u00fcchliche Perspektiven <\/em>zul\u00e4\u00dft. Der Autor analysiert auf verst\u00e4ndliche Weise die verschiedenen Deutungen f\u00fcr die materiellen Erscheinungsformen im Universum, die Hubblesche Fluchtbewegung der Galaxien, den Weltanfang, und die kosmische Rintergrundstrahlung. Die Leser gewinnen dadurch spannende Einsichten in die heutige Kosmologie und begleiten den Autor auf seiner faszinierenden Suche nach neuen Horizonten f\u00fcr ein Verst\u00e4ndnis des Universums.&quot;<\/p>\n","protected":false},"excerpt":{"rendered":"<p>von Hans J\u00f6rg Fahr \u00a0 \u00a0 Universum ohne Urknall. Kosmologie in der Kontroverse Hans J\u00f6rg Fahr Spektrum Akademischer Verlag (Oktober 1995)\u00a0 Amazon Inhalt Einleitung und Motivation zu diesem Buch:<\/p>\n","protected":false},"author":3,"featured_media":0,"comment_status":"open","ping_status":"open","sticky":false,"template":"","format":"standard","meta":{"footnotes":""},"categories":[5],"tags":[],"class_list":["post-3056","post","type-post","status-publish","format-standard","hentry","category-deutschsprachige-kritik-der-relativitatstheorie"],"_links":{"self":[{"href":"https:\/\/ekkehard-friebe.de\/blog\/wp-json\/wp\/v2\/posts\/3056"}],"collection":[{"href":"https:\/\/ekkehard-friebe.de\/blog\/wp-json\/wp\/v2\/posts"}],"about":[{"href":"https:\/\/ekkehard-friebe.de\/blog\/wp-json\/wp\/v2\/types\/post"}],"author":[{"embeddable":true,"href":"https:\/\/ekkehard-friebe.de\/blog\/wp-json\/wp\/v2\/users\/3"}],"replies":[{"embeddable":true,"href":"https:\/\/ekkehard-friebe.de\/blog\/wp-json\/wp\/v2\/comments?post=3056"}],"version-history":[{"count":0,"href":"https:\/\/ekkehard-friebe.de\/blog\/wp-json\/wp\/v2\/posts\/3056\/revisions"}],"wp:attachment":[{"href":"https:\/\/ekkehard-friebe.de\/blog\/wp-json\/wp\/v2\/media?parent=3056"}],"wp:term":[{"taxonomy":"category","embeddable":true,"href":"https:\/\/ekkehard-friebe.de\/blog\/wp-json\/wp\/v2\/categories?post=3056"},{"taxonomy":"post_tag","embeddable":true,"href":"https:\/\/ekkehard-friebe.de\/blog\/wp-json\/wp\/v2\/tags?post=3056"}],"curies":[{"name":"wp","href":"https:\/\/api.w.org\/{rel}","templated":true}]}}