{"id":3032,"date":"2011-09-11T07:59:20","date_gmt":"2011-09-11T06:59:20","guid":{"rendered":"http:\/\/ekkehard-friebe.de\/blog\/?p=3032"},"modified":"2011-09-13T20:53:21","modified_gmt":"2011-09-13T19:53:21","slug":"die-verschwiegene-und-unterdruckte-kritik-der-relativitatstheorie","status":"publish","type":"post","link":"https:\/\/ekkehard-friebe.de\/blog\/die-verschwiegene-und-unterdruckte-kritik-der-relativitatstheorie\/","title":{"rendered":"Die verschwiegene und unterdr\u00fcckte Kritik der Relativit\u00e4tstheorie"},"content":{"rendered":"<p style=\"TEXT-ALIGN: justify\">Die Webseite <a href=\"http:\/\/wissenschaftliche-physik.com\/\" target=\"_blank\"><strong><span style=\"color: #800000;\">Kritische Stimmen zur Relativit\u00e4tstheorie<\/span><\/strong><\/a> stellt einzigartig in ihrem Blog die unz\u00e4hligen Autoren vor, die schon ab 1910 bis heute noch massive Kritik an der Relativit\u00e4tstheorie (in deutscher Sprache)  vorgebracht haben, die von der akademischen Physik und den etablierten Medien verschwiegen, unterdr\u00fcckt oder verleumdet wird:<\/p>\n<dt style=\"padding-left: 90px;\"><img loading=\"lazy\" decoding=\"async\" class=\"alignleft size-full wp-image-1831\" src=\"http:\/\/wissenschaftliche-physik.com\/wp-content\/uploads\/2011\/09\/logo-kritische-Stimmen400.jpg\" alt=\"\" width=\"400\" height=\"80\" \/><br \/>\nBlog <a href=\"http:\/\/wissenschaftliche-physik.com\/blog\/\" target=\"_blank\"><strong><span style=\"color: #800000;\">Kritische Stimmen zur Relativit\u00e4tstheorie<\/span><\/strong><\/a> <\/dt>\n<dt style=\"padding-left: 90px;\">.<\/dt>\n<dt style=\"padding-left: 90px;\"><\/dt>\n<dt style=\"padding-left: 90px;\"> <\/dt>\n","protected":false},"excerpt":{"rendered":"<p>Die Webseite Kritische Stimmen zur Relativit\u00e4tstheorie stellt einzigartig in ihrem Blog die unz\u00e4hligen Autoren vor, die schon ab 1910 bis heute noch massive Kritik an der Relativit\u00e4tstheorie (in deutscher Sprache) vorgebracht haben, die von der akademischen Physik und den etablierten Medien verschwiegen, unterdr\u00fcckt oder verleumdet wird: Blog Kritische Stimmen zur Relativit\u00e4tstheorie .<\/p>\n","protected":false},"author":3,"featured_media":0,"comment_status":"open","ping_status":"open","sticky":false,"template":"","format":"standard","meta":{"footnotes":""},"categories":[5],"tags":[],"class_list":["post-3032","post","type-post","status-publish","format-standard","hentry","category-deutschsprachige-kritik-der-relativitatstheorie"],"_links":{"self":[{"href":"https:\/\/ekkehard-friebe.de\/blog\/wp-json\/wp\/v2\/posts\/3032"}],"collection":[{"href":"https:\/\/ekkehard-friebe.de\/blog\/wp-json\/wp\/v2\/posts"}],"about":[{"href":"https:\/\/ekkehard-friebe.de\/blog\/wp-json\/wp\/v2\/types\/post"}],"author":[{"embeddable":true,"href":"https:\/\/ekkehard-friebe.de\/blog\/wp-json\/wp\/v2\/users\/3"}],"replies":[{"embeddable":true,"href":"https:\/\/ekkehard-friebe.de\/blog\/wp-json\/wp\/v2\/comments?post=3032"}],"version-history":[{"count":0,"href":"https:\/\/ekkehard-friebe.de\/blog\/wp-json\/wp\/v2\/posts\/3032\/revisions"}],"wp:attachment":[{"href":"https:\/\/ekkehard-friebe.de\/blog\/wp-json\/wp\/v2\/media?parent=3032"}],"wp:term":[{"taxonomy":"category","embeddable":true,"href":"https:\/\/ekkehard-friebe.de\/blog\/wp-json\/wp\/v2\/categories?post=3032"},{"taxonomy":"post_tag","embeddable":true,"href":"https:\/\/ekkehard-friebe.de\/blog\/wp-json\/wp\/v2\/tags?post=3032"}],"curies":[{"name":"wp","href":"https:\/\/api.w.org\/{rel}","templated":true}]}}