{"id":2993,"date":"2011-06-23T07:55:33","date_gmt":"2011-06-23T06:55:33","guid":{"rendered":"http:\/\/ekkehard-friebe.de\/blog\/?p=2993"},"modified":"2011-06-23T07:55:33","modified_gmt":"2011-06-23T06:55:33","slug":"der-nachwuchs-der-kritiker-der-relativitatstheorie-ist-gesichert","status":"publish","type":"post","link":"https:\/\/ekkehard-friebe.de\/blog\/der-nachwuchs-der-kritiker-der-relativitatstheorie-ist-gesichert\/","title":{"rendered":"Der Nachwuchs der Kritiker der Relativit\u00e4tstheorie ist gesichert"},"content":{"rendered":"<p>Hiermit nehme ich Bezug auf folgenden Beitrag vom 19. Juni 2011 im Blog von <strong>Jocelyne Lopez:<\/strong>\u00a0<br \/>\n<a href=\"http:\/\/www.jocelyne-lopez.de\/blog\/2011\/06\/der-nachwuchs-der-kritiker-der-relativitatstheorie-ist-gesichert\/\" target=\"_blank\"><strong><span style=\"color: #800000;\">Der Nachwuchs der Kritiker der Relativit\u00e4tstheorie ist gesichert\u00a0<\/span><\/strong><\/a><span style=\"color: #800000;\">\u00a0<br \/>\n<\/span>Ich schlie\u00dfe mich der Auffassung von Frau Lopez vollinhaltlich an.<\/p>\n<p><strong>Zitat:<br \/>\n<\/strong>Ich verweise auf einen Austausch aus der Diskussion \u201e<em>Bitte um Kl\u00e4rung an Dr. Markus P\u00f6ssel<\/em>\u201c im MAHAG-Forum \u00fcber eine typische und seit Jahren vorgebrachte Argumentation in Forendiskussion gegen die Kritiker der Relativit\u00e4tstheorie \u2013 und insbesondere gegen mich \u2013 dass sie unqualifiziert, ungebildet, unwissend, unseri\u00f6s und alt, sowie intellektuell nicht in der Lage seien, \u00fcberhaupt die Relativit\u00e4tstheorie zu verstehen:<br \/>\n<a href=\"http:\/\/www.mahag.com\/neufor\/viewtopic.php?f=6&amp;t=296&amp;start=3110#p28475\" target=\"_blank\"><span style=\"color: #800000;\">17.06.11 \u2013 Zitat von Mirko<\/span><\/a><span style=\"color: #800000;\">:<br \/>\n<\/span>Um etwas zu hinterfragen, muss man es erst einmal verstehen. Wenn f\u00fcr dieses Verstehen die Grundlagen fehlen, wird es etwas schwierig.<\/p>\n<p><a href=\"http:\/\/www.mahag.com\/neufor\/viewtopic.php?f=6&amp;t=296&amp;start=3120#p28477\" target=\"_blank\"><!--more--><span style=\"color: #800000;\">17.06.11 \u2013 Zitat von Jocelyne Lopez<\/span><\/a><span style=\"color: #800000;\">:<br \/>\n<\/span>Ich verrate Dir mal was, worauf Du m\u00f6glicherweise noch nicht selbst gekommen bist: Um etwas konstruktiv und weiterbringend zu hinterfragen und zu kritisieren muss man vor allem Menschen finden, die etwas hinterfragen und kritisieren bzw. Menschen, die diese Hinterfragung und diese Kritik mitverfolgen, darauf aufmerksam gemacht werden und selbst mitzudenken anfangen. Hinterfragung und Kritik sind keine Sache des Wissenstandes einer einzelnen Person, Hinterfragung und Kritik sind <strong>Brainstorming<\/strong>, siehe z.B.: <a href=\"http:\/\/www.jocelyne-lopez.de\/blog\/2011\/05\/mein-blog-nutzt-die-einmalige-chance-des-brainstorming-aus-forendiskussionen\/\" target=\"_blank\"><span style=\"color: #800000;\">Mein Blog nutzt die einmalige Chance des Brainstorming aus Forendiskussionen<\/span><\/a>. Das habe ich Danks Eurem langj\u00e4hrigen und hartn\u00e4ckigen Stalking meiner Person ziemlich gut geschafft: Ihr habt mich mit meinen realen und vermeintlichen Unzul\u00e4nglichkeiten zum Publikumsmagnet im Internet in Sache Kritik der Speziellen Relativit\u00e4tstheorie gemacht und dabei durch Eure falsche Zielsetzung viele Leser \u00fcberhaupt auf die Idee gebracht, dass dort etwas zu hinterfragen und zu kritisieren ist. Das war ja gerade meine Zielsetzung\u2026<\/p>\n<p><a href=\"http:\/\/www.mahag.com\/neufor\/viewtopic.php?f=6&amp;t=296&amp;start=3120#p28479\" target=\"_blank\"><span style=\"color: #800000;\">17.06.11 \u2013 Zitat von Mirko<\/span><\/a><span style=\"color: #800000;\">:<br \/>\n<\/span>Stimmt, du bist in Web bekannt wie ein bunter Hund. Aber ob das unbedingt f\u00f6rderlich f\u00fcr die ernsthafte Kritik ist\u2026<\/p>\n<p><a href=\"http:\/\/www.mahag.com\/neufor\/viewtopic.php?f=6&amp;t=296&amp;start=3120#p28484\" target=\"_blank\"><span style=\"color: #800000;\">17.06.11 \u2013 Zitat von Jocelyne Lopez<\/span><\/a><span style=\"color: #800000;\">:<br \/>\n<\/span>Das ist nur Deine pers\u00f6nliche Meinung, das Internet ist gro\u00df\u2026<br \/>\nUnd ich stelle seit 8 Jahren ununterbrochen eine ganze Menge ernsthafte, \u00fcberzeugende und schlagfertige Kritiker vor, unter ihren Klarnamen oder Pseudonymen.<br \/>\nUnd eins steht auch fest: Der Nachwuchs der Kritiker ist gesichert, weltweit (siehe z.B. <a href=\"http:\/\/twinparadox.net\/\" target=\"_blank\"><span style=\"color: #800000;\">Internationale Petition Zwillingsparadoxon<\/span><\/a>). Das kann man nicht von dem Nachwuchs der Relativisten sagen, Ihr reitet ein totes Pferd, siehe zum Beispiel von einem Direktor des Albert Einstein Instituts selbst im Jahr 2005, Prof. Dr. Hermann Nicolai: <a href=\"http:\/\/www.jocelyne-lopez.de\/blog\/2008\/02\/hinter-der-glanzpapier-fassade-liegt-die-relativitatstheorie-schon-am-tropf\/\" target=\"_blank\"><span style=\"color: #800000;\">Kein N\u00e4hrboden f\u00fcr Einsteins Nachfolger?<\/span><\/a><\/p>\n<p><a href=\"http:\/\/www.mahag.com\/neufor\/viewtopic.php?f=6&amp;t=296&amp;start=3120#p28485\" target=\"_blank\"><span style=\"color: #800000;\">17.06.11 \u2013 Zitat von Mirko<\/span><\/a><span style=\"color: #800000;\">:<br \/>\n<\/span>Soweit ich das sehe, ist der Durchschnittskritiker jenseits der 60, wo ist da der Nachwuchs?<\/p>\n<p><a href=\"http:\/\/www.mahag.com\/neufor\/viewtopic.php?f=6&amp;t=296&amp;start=3130#p28487\" target=\"_blank\"><span style=\"color: #800000;\">17.06.11 \u2013 Zitat von Jocelyne Lopez<\/span><\/a><span style=\"color: #800000;\">:<br \/>\n<\/span>Das Internet ist gro\u00df, Du siehst nur Deinen kleinen Tellerrand im Scho\u00df der kleinen Stalkergruppe, die seit Jahren aus immer wieder dieselben Figuren unter anderen Pseudonymen besteht. Das Thema Kritik der Relativit\u00e4tstheorie lockt in allen Forendiskussionen eine sehr gro\u00dfe Menge von stillen Mitlesern, nicht nur die Stalker, und nicht nur im deutschsprachigen Raum. Mach Dir keine Sorge um den Nachwuchs der Kritiker, die zurzeit die Zivilcourage haben, sich zur Kritik \u00f6ffentlich zu bekennen, eher um den Nachwuchs der Relativisten\u2026<\/p>\n<p><strong>(Zitatende)<\/strong><\/p>\n<p>Beste Gr\u00fc\u00dfe <strong><a title=\"Ekkehard Friebe\" href=\"http:\/\/www.worldsci.org\/php\/index.php?tab0=Scientists&amp;tab1=Display&amp;id=494\" target=\"_blank\"><span style=\"color: #800000;\">Ekkehard Friebe<\/span><\/a>\u00a0 <\/strong><\/p>\n","protected":false},"excerpt":{"rendered":"<p>Hiermit nehme ich Bezug auf folgenden Beitrag vom 19. Juni 2011 im Blog von Jocelyne Lopez:\u00a0 Der Nachwuchs der Kritiker der Relativit\u00e4tstheorie ist gesichert\u00a0\u00a0 Ich schlie\u00dfe mich der Auffassung von Frau Lopez vollinhaltlich an. Zitat: Ich verweise auf einen Austausch aus der Diskussion \u201eBitte um Kl\u00e4rung an Dr. Markus P\u00f6ssel\u201c im MAHAG-Forum \u00fcber eine typische [&hellip;]<\/p>\n","protected":false},"author":3,"featured_media":0,"comment_status":"open","ping_status":"open","sticky":false,"template":"","format":"standard","meta":{"footnotes":""},"categories":[5],"tags":[],"class_list":["post-2993","post","type-post","status-publish","format-standard","hentry","category-deutschsprachige-kritik-der-relativitatstheorie"],"_links":{"self":[{"href":"https:\/\/ekkehard-friebe.de\/blog\/wp-json\/wp\/v2\/posts\/2993"}],"collection":[{"href":"https:\/\/ekkehard-friebe.de\/blog\/wp-json\/wp\/v2\/posts"}],"about":[{"href":"https:\/\/ekkehard-friebe.de\/blog\/wp-json\/wp\/v2\/types\/post"}],"author":[{"embeddable":true,"href":"https:\/\/ekkehard-friebe.de\/blog\/wp-json\/wp\/v2\/users\/3"}],"replies":[{"embeddable":true,"href":"https:\/\/ekkehard-friebe.de\/blog\/wp-json\/wp\/v2\/comments?post=2993"}],"version-history":[{"count":0,"href":"https:\/\/ekkehard-friebe.de\/blog\/wp-json\/wp\/v2\/posts\/2993\/revisions"}],"wp:attachment":[{"href":"https:\/\/ekkehard-friebe.de\/blog\/wp-json\/wp\/v2\/media?parent=2993"}],"wp:term":[{"taxonomy":"category","embeddable":true,"href":"https:\/\/ekkehard-friebe.de\/blog\/wp-json\/wp\/v2\/categories?post=2993"},{"taxonomy":"post_tag","embeddable":true,"href":"https:\/\/ekkehard-friebe.de\/blog\/wp-json\/wp\/v2\/tags?post=2993"}],"curies":[{"name":"wp","href":"https:\/\/api.w.org\/{rel}","templated":true}]}}