{"id":2988,"date":"2011-06-13T08:00:23","date_gmt":"2011-06-13T07:00:23","guid":{"rendered":"http:\/\/ekkehard-friebe.de\/blog\/?p=2988"},"modified":"2011-06-13T08:00:23","modified_gmt":"2011-06-13T07:00:23","slug":"wir-fordern-die-einfuhrung-der-lehre-der-kritik-der-relativitatstheorie-in-allen-universitaten-wo-diese-theorie-gelehrt-wird","status":"publish","type":"post","link":"https:\/\/ekkehard-friebe.de\/blog\/wir-fordern-die-einfuhrung-der-lehre-der-kritik-der-relativitatstheorie-in-allen-universitaten-wo-diese-theorie-gelehrt-wird\/","title":{"rendered":"Wir fordern die Einf\u00fchrung der Lehre der Kritik der Relativit\u00e4tstheorie in allen Universit\u00e4ten, wo diese Theorie gelehrt wird"},"content":{"rendered":"<p style=\"TEXT-ALIGN: justify\">Hiermit nehme ich Bezug auf folgenden Beitrag vom 9. Juni 2011 im Blog von <strong>Jocelyne Lopez:<\/strong><br \/>\n<a href=\"http:\/\/www.jocelyne-lopez.de\/blog\/2011\/06\/ich-fordere-die-einfuhrung-der-lehre-der-kritik-der-relativitatstheorie-in-allen-universitaten-wo-diese-theorie-gelehrt-wird\/\" target=\"_blank\"><strong><span style=\"color: #800000;\">Ich fordere die Einf\u00fchrung der Lehre der Kritik der Relativit\u00e4tstheorie in allen Universit\u00e4ten, wo diese Theorie gelehrt wird.<\/span> <\/strong><\/a><br \/>\nIch schlie\u00dfe mich der Auffassung von Frau Lopez vollinhaltlich an.<\/p>\n<p style=\"TEXT-ALIGN: justify\"><strong>Zitat:<br \/>\n<\/strong>Ich komme auf meinen Eintrag <a href=\"http:\/\/www.jocelyne-lopez.de\/blog\/2011\/06\/der-staat-schuldet-den-burgern-rechenschaft-uber-die-verwendung-von-steuergeldern\/\" target=\"_blank\"><span style=\"color: #800000;\">Der Staat schuldet den B\u00fcrgern Rechenschaft \u00fcber die Verwendung von Steuergeldern<\/span> <\/a>zur\u00fcck und verweise weiter auf umfangreiche Austausche aus der Diskussion \u201c<em>Bitte um Kl\u00e4rung an Dr. Markus P\u00f6ssel<\/em>\u201d im MAHAG-Forum mit anonymen Stalker, die sich \u00fcber meine langj\u00e4hrigen und zielstrebigen Ansprachen an Dr. Markus P\u00f6ssel, Mitarbeiter vom Albert Einstein Institut, \u00fcber die Kl\u00e4rung von strittigen Fragen der Speziellen Relativit\u00e4tstheorie und \u00fcber meinen Blog \u00e4rgern:\n<\/p>\n<p style=\"TEXT-ALIGN: justify\"><a href=\"http:\/\/www.mahag.com\/neufor\/viewtopic.php?f=6&amp;t=296&amp;start=2970#p27978\" target=\"_blank\"><span style=\"color: #800000;\"><!--more-->08.06.11 \u2013 Zitat von Harald<\/span><\/a><span style=\"color: #800000;\">:<\/span><\/p>\n<p style=\"TEXT-ALIGN: justify\">Frau Lopez,<\/p>\n<p style=\"TEXT-ALIGN: justify\">ich habe das Gef\u00fchl, Veritatibus steht auf Ihrer Ignorierliste. Trotzdem sollten Sie seinen Beitrag zu den gesetzlichen Rahmenbedingungen lesen. Ihre Sichtweise auf das Grundgesetz entspricht nicht den tats\u00e4chlichen Gegebenheiten.<\/p>\n<p style=\"TEXT-ALIGN: justify\"><a href=\"http:\/\/www.mahag.com\/neufor\/viewtopic.php?f=6&amp;t=296&amp;start=2980#p27991\" target=\"_blank\"><span style=\"color: #800000;\">08.06.11 \u2013 Zitat von Highway<\/span><\/a><span style=\"color: #800000;\">:<\/span><\/p>\n<p style=\"TEXT-ALIGN: justify\">Wenn man \u00fcber etwas diskutieren m\u00f6chte, dann erscheint es mir sinnvoll zu wissen wor\u00fcber man diskutiert. Da ich das Grundgesetz nicht auswendig von oben nach unten auswendig runterbeten kann, bin ich davon ausgegangen, dass es anderen Lesern genauso geht.<\/p>\n<p style=\"TEXT-ALIGN: justify\"><a href=\"http:\/\/www.mahag.com\/neufor\/viewtopic.php?f=6&amp;t=296&amp;start=2980#p27994\" target=\"_blank\"><span style=\"color: #800000;\">08.06.11 \u2013 Zitat von Jocelyne Lopez<\/span><\/a><span style=\"color: #800000;\">:<\/span><\/p>\n<p style=\"TEXT-ALIGN: justify\">Ich habe zum Beispiel hier in Kurzfassung die Analyse von Bestimmungen des Grundgesetzes Art. 5 \u00a7 3 \u201c<em>Wissenschaftsfreiheit<\/em>\u201d aus dem \u201e<em>Bonner Kommentar zum Grundgesetz<\/em>\u201c dargelegt:<br \/>\n<a href=\"http:\/\/wissenschaftliche-physik.com\/2008\/12\/der-staat-handelt-verfassungswidrig\/\" target=\"_blank\"><span style=\"color: #800000;\">Staatliche Entscheidungstr\u00e4ger vernachl\u00e4ssigen Verfassungsgebot<\/span><\/a><span style=\"color: #800000;\">.<\/span><\/p>\n<p style=\"TEXT-ALIGN: justify\">Detaillierte Kommentaren aus dem \u201c<em>Bonner Kommentar zum Grundgesetz<\/em>\u201c, die die Kritik der Relativit\u00e4tstheorie betreffen k\u00f6nnen, befinden sich zum Beispiel auch in meinem Blog-Eintrag:<br \/>\n<a href=\"http:\/\/www.jocelyne-lopez.de\/blog\/2008\/03\/und-das-grundgesetz-frau-dr-schavan-ist-das-fur-die-katz\/\" target=\"_blank\"><span style=\"color: #800000;\">Und das Grundgesetz, Frau Dr. Schavan, ist das f\u00fcr die Katz?<\/span><\/a>\n<\/p>\n<p style=\"TEXT-ALIGN: justify\">Diese Kommentare vom \u201c<em>Bonner Kommentar zum Grundgesetz<\/em>\u201d sind einigerma\u00dfen f\u00fcr Nicht-Juristen auch verst\u00e4ndlich.<\/p>\n<p style=\"TEXT-ALIGN: justify\"><a href=\"http:\/\/www.mahag.com\/neufor\/viewtopic.php?f=6&amp;t=296&amp;start=2980#p27995\" target=\"_blank\"><span style=\"color: #800000;\">08.06.11 \u2013 Zitat von Harald<\/span><\/a><span style=\"color: #800000;\">:<\/span><\/p>\n<p style=\"TEXT-ALIGN: justify\">Frau Lopez,<\/p>\n<p style=\"TEXT-ALIGN: justify\">also konkret: was muss der Staat Ihrer Meinung nach tun, damit er auf Ihr Anliegen dem Grundgesetz entsprechend reagiert?<br \/>\nWie gehen Sie auf den Staat zu?<br \/>\nWas fordern Sie konkret?<br \/>\nWen sprechen Sie an?<br \/>\nWelche Reaktion erwarten Sie?\n<\/p>\n<p style=\"TEXT-ALIGN: justify\"><a href=\"http:\/\/www.mahag.com\/neufor\/viewtopic.php?f=6&amp;t=296&amp;start=2980#p27996\" target=\"_blank\"><span style=\"color: #800000;\">08.06.11 \u2013 Zitat von Jocelyne Lopez<\/span><\/a><span style=\"color: #800000;\">:<\/span><\/p>\n<p style=\"TEXT-ALIGN: justify\"><strong>Ich fordere die Einf\u00fchrung der Lehre der Kritik der Relativit\u00e4tstheorie in allen Universit\u00e4ten, wo diese Theorie gelehrt wird:<br \/>\n<\/strong><a href=\"http:\/\/wissenschaftliche-physik.com\/2010\/03\/einzug-der-kritik-der-relativitatstheorie-in-die-universitaten\/\" target=\"_blank\"><span style=\"color: #800000;\">Einzug der Kritik der Relativit\u00e4tstheorie in die Universit\u00e4ten<\/span><\/a>\n<\/p>\n<p style=\"TEXT-ALIGN: justify\"><a href=\"http:\/\/www.mahag.com\/neufor\/viewtopic.php?f=6&amp;t=296&amp;start=2990#p28001\" target=\"_blank\"><span style=\"color: #800000;\">09.06.11 \u2013 Zitat von Mirko<\/span><\/a><span style=\"color: #800000;\">:<\/span><\/p>\n<p style=\"TEXT-ALIGN: justify\">Der Staat hat keinen Einfluss auf die Lehrpl\u00e4ne der Universit\u00e4ten. Das bedeutet n\u00e4mlich Freiheit der Lehre. Nicht mal bei staatlichen Hochschulen hat der Staat etwas zu vermelden, es gibt n\u00e4mlich etwas, das nennt sich Hochschulautonomie.<\/p>\n<p style=\"TEXT-ALIGN: justify\"><a href=\"http:\/\/www.mahag.com\/neufor\/viewtopic.php?f=6&amp;t=296&amp;start=2990#p28003\" target=\"_blank\"><span style=\"color: #800000;\">09.06.11 \u2013 Zitat von Jocelyne Lopez<\/span><\/a><span style=\"color: #800000;\">:<\/span><\/p>\n<p style=\"TEXT-ALIGN: justify\">Es gibt n\u00e4mlich auch noch etwas, das nennt sich Grundgesetz und das steht \u00fcber Staat und Hochschulautonomie:<\/p>\n<p style=\"TEXT-ALIGN: justify\"><a href=\"http:\/\/de.wikipedia.org\/wiki\/Grundgesetz_f%C3%BCr_die_Bundesrepublik_Deutschland\" target=\"_blank\"><span style=\"color: #800000;\">Wikipedia<\/span><\/a><span style=\"color: #800000;\">:<br \/>\n<\/span>In seinem Geltungsbereich steht das Grundgesetz im Rang \u00fcber allen anderen Rechtsquellen. \u00dcber seine Einhaltung und Auslegung wacht das Bundesverfassungsgericht. Auch im Art. 5 \u2013 \u00a7 3 Wissenschaftsfreiheit ist der \u00fcbergeordnete Rang des Grundgesetzes explizit erw\u00e4hnt:<\/p>\n<p style=\"TEXT-ALIGN: justify\">Art. 5 \u2013 \u00a7 3 GG:<br \/>\n(3) Kunst und Wissenschaft, Forschung und Lehre sind frei. <strong>Die Freiheit der Lehre entbindet nicht von der Treue zur Verfassung<\/strong>. [Hervorhebung durch Lopez] und der Staat hat sehr wohl gem\u00e4\u00df Grundgesetz Einflu\u00df auf die Lehrinhalte zu nehmen, siehe Analyse der Verpflichtungen des Staates aus dem \u201c<em>Bonner Kommentar zum Grundgesetz Wissenschaftsfreiheit<\/em>\u201c, zum Beispiel: Unkonventionelle Forschungsrichtungen und \u2013ergebnisse oder auch Lehrmethoden <strong>d\u00fcrfen nicht begrifflich ausgegrenzt werden<\/strong>, denn gerade Au\u00dfenseiter bed\u00fcrfen des Schutzes davor, dass sie durch die \u201eherrschende Meinung\u201c an der wissenschaftlichen Entfaltung gehindert werden (Notwendigkeit von Innovationsoffenheit); [Hervorhebung durch Lopez] Der Staat, der sich als Kulturstaat versteht, hat die Pflege der freien Wissenschaft und ihre Vermittlung an die n\u00e4chstfolgende Generation <strong>durch Bereitstellung von personellen, finanziellen und organisatorischen Mitteln zu erm\u00f6glichen und zu f\u00f6rdern.<\/strong> [Hervorhebung durch Lopez]<br \/>\n<strong>(Zitatende)<\/strong>\n<\/p>\n<p style=\"TEXT-ALIGN: justify\">Beste Gr\u00fc\u00dfe <strong><a title=\"Ekkehard Friebe\" href=\"http:\/\/www.worldsci.org\/php\/index.php?tab0=Scientists&amp;tab1=Display&amp;id=494\" target=\"_blank\"><span style=\"color: #800000;\">Ekkehard Friebe<\/span><\/a>\u00a0 <\/strong><\/p>\n","protected":false},"excerpt":{"rendered":"<p>Hiermit nehme ich Bezug auf folgenden Beitrag vom 9. Juni 2011 im Blog von Jocelyne Lopez: Ich fordere die Einf\u00fchrung der Lehre der Kritik der Relativit\u00e4tstheorie in allen Universit\u00e4ten, wo diese Theorie gelehrt wird. Ich schlie\u00dfe mich der Auffassung von Frau Lopez vollinhaltlich an. Zitat: Ich komme auf meinen Eintrag Der Staat schuldet den B\u00fcrgern [&hellip;]<\/p>\n","protected":false},"author":3,"featured_media":0,"comment_status":"open","ping_status":"open","sticky":false,"template":"","format":"standard","meta":{"footnotes":""},"categories":[5],"tags":[],"class_list":["post-2988","post","type-post","status-publish","format-standard","hentry","category-deutschsprachige-kritik-der-relativitatstheorie"],"_links":{"self":[{"href":"https:\/\/ekkehard-friebe.de\/blog\/wp-json\/wp\/v2\/posts\/2988"}],"collection":[{"href":"https:\/\/ekkehard-friebe.de\/blog\/wp-json\/wp\/v2\/posts"}],"about":[{"href":"https:\/\/ekkehard-friebe.de\/blog\/wp-json\/wp\/v2\/types\/post"}],"author":[{"embeddable":true,"href":"https:\/\/ekkehard-friebe.de\/blog\/wp-json\/wp\/v2\/users\/3"}],"replies":[{"embeddable":true,"href":"https:\/\/ekkehard-friebe.de\/blog\/wp-json\/wp\/v2\/comments?post=2988"}],"version-history":[{"count":0,"href":"https:\/\/ekkehard-friebe.de\/blog\/wp-json\/wp\/v2\/posts\/2988\/revisions"}],"wp:attachment":[{"href":"https:\/\/ekkehard-friebe.de\/blog\/wp-json\/wp\/v2\/media?parent=2988"}],"wp:term":[{"taxonomy":"category","embeddable":true,"href":"https:\/\/ekkehard-friebe.de\/blog\/wp-json\/wp\/v2\/categories?post=2988"},{"taxonomy":"post_tag","embeddable":true,"href":"https:\/\/ekkehard-friebe.de\/blog\/wp-json\/wp\/v2\/tags?post=2988"}],"curies":[{"name":"wp","href":"https:\/\/api.w.org\/{rel}","templated":true}]}}