{"id":2968,"date":"2011-05-07T07:39:29","date_gmt":"2011-05-07T06:39:29","guid":{"rendered":"http:\/\/ekkehard-friebe.de\/blog\/?p=2968"},"modified":"2011-05-07T07:39:29","modified_gmt":"2011-05-07T06:39:29","slug":"dr-heinrich-brandenberger-%e2%80%9cneue-erkenntnisse-in-physik-und-astronomie%e2%80%9d","status":"publish","type":"post","link":"https:\/\/ekkehard-friebe.de\/blog\/dr-heinrich-brandenberger-%e2%80%9cneue-erkenntnisse-in-physik-und-astronomie%e2%80%9d\/","title":{"rendered":"Dr. Heinrich Brandenberger: \u201cNeue Erkenntnisse in Physik und Astronomie\u201d"},"content":{"rendered":"<dl class=\"clearfix fotol\" style=\"text-align: center; width: 135px;\">\n<dt><img loading=\"lazy\" decoding=\"async\" title=\"Autor\" src=\"http:\/\/www.ekkehard-friebe.de\/bilder\/heinrich_brandenberger.jpg\" alt=\"\" width=\"127\" height=\"175\" \/> <\/dt>\n<\/dl>\n<p style=\"TEXT-ALIGN: justify\">Hiermit m\u00f6chte ich an folgenden Beitrag erinnern:\u00a0<br \/>\n<strong><a title=\"Permanenter Link zu Neue Erkenntnisse in Physik und Astronomie\" href=\"https:\/\/ekkehard-friebe.de\/blog\/neue-erkenntnisse-in-physik-und-astronomie\/\" target=\"_blank\"><span style=\"color: #800000;\">Neue Erkenntnisse in Physik und Astronomie<\/span><\/a><\/strong>\n<\/p>\n<p style=\"TEXT-ALIGN: justify\">Diese Arbeit von <strong><a href=\"http:\/\/vademecum.brandenberger.eu\/rubrik\/heinrich.php\" target=\"_blank\"><span style=\"color: #800000;\">Dr. Heinrich Brandenberger<\/span><\/a><\/strong> aus dem Jahre 1962 erscheint mir besonders wichtig. Deshalb bringe ich sie heute erneut, und zwar <span style=\"text-decoration: underline;\">vollst\u00e4ndig:<\/span><\/p>\n<p style=\"TEXT-ALIGN: justify\"><strong>Zitat: <\/strong><\/p>\n<p style=\"TEXT-ALIGN: justify\"><strong>Einleitung<\/strong><strong><\/strong><\/p>\n<p style=\"TEXT-ALIGN: justify\">Die Physik befindet sich derzeit in einer f\u00fcrchterlichen Krise. Jede Vorstellung auf dem Gebiete der Strahlung ist ihr verloren gegangen. Obwohl man wei\u00df, da\u00df das Licht sich weder magnetisch noch elektrisch beeinflussen l\u00e4\u00dft, definiert man derzeit das Licht als eine transversale, elektromagnetische Schwingung im leeren Raum. Unsere fundamentalsten Werte der Welt: Zeit, Raum und Materie wurden zu relativen Begriffen gemacht und behauptet, es sei eine Abh\u00e4ngigkeit dieser Gr\u00f6\u00dfen von der Geschwindigkeit eines K\u00f6rpers relativ zum Beobachter nach mathematischen Formeln vorhanden.<\/p>\n<p style=\"TEXT-ALIGN: justify\"><!--more-->Bei einem mit Lichtgeschwindigkeit bewegten Lebewesen soll \u00fcberhaupt keine Zeit vergehen, und es soll auch nicht altern, und bei einem mit Lichtgeschwindigkeit bewegten K\u00f6rper soll die L\u00e4nge in der Bewegungsrichtung Null werden, und seine Masse unendlich gro\u00df. Ohne Befreiung der Wissenschaft von dieser so genannten Relativit\u00e4tstheorie ist f\u00fcr die Menschheit jede Vorstellung der Wirklichkeit hoffnungslos geworden. Und wer ist der Schuldige? Einstein! Sein Postulat, das man nach ihm nicht beweisen k\u00f6nne, sondern glauben m\u00fcsse, und auf das eine ganze Welttheorie, Relativit\u00e4tstheorie genannt, aufgebaut ist.<\/p>\n<p style=\"TEXT-ALIGN: justify\">Konnte Einstein damit in der theoretischen Physik die Experimente und Rechnungen in \u00dcbereinstimmung bringen? Nur soweit, da\u00df er erkl\u00e4rte, bei Lichtgeschwindigkeit gelte das Additionsgesetz nicht mehr. Das fundamentalste Gesetz der Wissenschaft wurde daher durch Einstein f\u00fcr nichtig erkl\u00e4rt, und an die fundamentalsten Werte der Welt, Zeit, Raum und Materie, werden durch ihn ver\u00e4nderliche Ma\u00dfst\u00e4be gelegt, ein Vorgehen, mit dem man jeden Fehler decken kann, und das von Nobelpreistr\u00e4ger <a title=\"Frederick Soddy\" href=\"http:\/\/www.worldsci.org\/people\/Frederick_Soddy\" target=\"_blank\"><span style=\"color: #800000;\">Frederick Soddy<\/span><\/a> an der Nobelpreistr\u00e4gerkonferenz in Lindau 1954 als ein anma\u00dfender Schwindel, als ein Schritt zur\u00fcck in das Reich der Phantasie und des Mystizismus bezeichnet wurde, mit der Nennung des Namens Einstein, als den Schuldigen.<\/p>\n<p style=\"TEXT-ALIGN: justify\"><strong>(Zitatende)<\/strong><\/p>\n<p style=\"TEXT-ALIGN: justify\">Lesen Sie bitte <strong><a href=\"http:\/\/vademecum.brandenberger.eu\/pdf\/heinrich\/neue_erkenntnisse-sonderdruck_1962.pdf\" target=\"_blank\"><span style=\"color: #800000;\">hier<\/span><\/a><\/strong> weiter!<\/p>\n<p style=\"TEXT-ALIGN: justify\">Beste Gr\u00fc\u00dfe <strong><a title=\"Ekkehard Friebe\" href=\"http:\/\/www.worldsci.org\/php\/index.php?tab0=Scientists&amp;tab1=Display&amp;id=494\" target=\"_blank\"><span style=\"color: #800000;\">Ekkehard Friebe<\/span><\/a>\u00a0 <\/strong><\/p>\n","protected":false},"excerpt":{"rendered":"<p>Hiermit m\u00f6chte ich an folgenden Beitrag erinnern:\u00a0 Neue Erkenntnisse in Physik und Astronomie Diese Arbeit von Dr. Heinrich Brandenberger aus dem Jahre 1962 erscheint mir besonders wichtig. Deshalb bringe ich sie heute erneut, und zwar vollst\u00e4ndig: Zitat: Einleitung Die Physik befindet sich derzeit in einer f\u00fcrchterlichen Krise. Jede Vorstellung auf dem Gebiete der Strahlung ist [&hellip;]<\/p>\n","protected":false},"author":3,"featured_media":0,"comment_status":"open","ping_status":"open","sticky":false,"template":"","format":"standard","meta":{"footnotes":""},"categories":[5],"tags":[],"class_list":["post-2968","post","type-post","status-publish","format-standard","hentry","category-deutschsprachige-kritik-der-relativitatstheorie"],"_links":{"self":[{"href":"https:\/\/ekkehard-friebe.de\/blog\/wp-json\/wp\/v2\/posts\/2968"}],"collection":[{"href":"https:\/\/ekkehard-friebe.de\/blog\/wp-json\/wp\/v2\/posts"}],"about":[{"href":"https:\/\/ekkehard-friebe.de\/blog\/wp-json\/wp\/v2\/types\/post"}],"author":[{"embeddable":true,"href":"https:\/\/ekkehard-friebe.de\/blog\/wp-json\/wp\/v2\/users\/3"}],"replies":[{"embeddable":true,"href":"https:\/\/ekkehard-friebe.de\/blog\/wp-json\/wp\/v2\/comments?post=2968"}],"version-history":[{"count":0,"href":"https:\/\/ekkehard-friebe.de\/blog\/wp-json\/wp\/v2\/posts\/2968\/revisions"}],"wp:attachment":[{"href":"https:\/\/ekkehard-friebe.de\/blog\/wp-json\/wp\/v2\/media?parent=2968"}],"wp:term":[{"taxonomy":"category","embeddable":true,"href":"https:\/\/ekkehard-friebe.de\/blog\/wp-json\/wp\/v2\/categories?post=2968"},{"taxonomy":"post_tag","embeddable":true,"href":"https:\/\/ekkehard-friebe.de\/blog\/wp-json\/wp\/v2\/tags?post=2968"}],"curies":[{"name":"wp","href":"https:\/\/api.w.org\/{rel}","templated":true}]}}