{"id":2902,"date":"2010-12-31T09:25:40","date_gmt":"2010-12-31T08:25:40","guid":{"rendered":"http:\/\/ekkehard-friebe.de\/blog\/?p=2902"},"modified":"2010-12-31T09:25:40","modified_gmt":"2010-12-31T08:25:40","slug":"jocelyne-lopez-%e2%80%9eerinnerung-an-prof-dr-wolfgang-sandner%e2%80%9c","status":"publish","type":"post","link":"https:\/\/ekkehard-friebe.de\/blog\/jocelyne-lopez-%e2%80%9eerinnerung-an-prof-dr-wolfgang-sandner%e2%80%9c\/","title":{"rendered":"Jocelyne Lopez: \u201eErinnerung an Prof. Dr. Wolfgang Sandner\u201c"},"content":{"rendered":"<p style=\"TEXT-ALIGN: justify\">Hiermit m\u00f6chte ich auf folgenden Beitrag von <a href=\"http:\/\/www.worldsci.org\/php\/index.php?tab0=Scientists&amp;tab1=Display&amp;id=499\" target=\"_blank\"><strong><span style=\"color: #800000;\">Jocelyne Lopez<\/span><\/strong><\/a><strong> <\/strong>im Blog<strong> \u201eKritische Stimmen zur Relativit\u00e4tstheorie\u201c aufmerksam machen.\u00a0 <\/strong><\/p>\n<p style=\"TEXT-ALIGN: justify\"><strong>Zitat:<\/strong><\/p>\n<p style=\"TEXT-ALIGN: justify\"><a title=\"Permanenter Link zu Erinnerung an Prof. Dr. Wolfgang Sandner, Bundesministerium f\u00fcr Bildung und Forschung\" href=\"http:\/\/wissenschaftliche-physik.com\/2010\/12\/erinnerung-an-prof-dr-wolfgang-sandner-bundesministerium-fur-bildung-und-forschung\/\" target=\"_blank\"><strong><span style=\"color: #800000;\">Erinnerung an Prof. Dr. Wolfgang Sandner, Bundesministerium f\u00fcr Bildung und Forschung<\/span><\/strong><\/a><span style=\"color: #800000;\">\u00a0<br \/>\n<\/span>von <a href=\"http:\/\/www.worldsci.org\/php\/index.php?tab0=Scientists&amp;tab1=Display&amp;id=499\" target=\"_blank\"><span style=\"color: #800000;\">Jocelyne Lopez<\/span><\/a>\n<\/p>\n<p style=\"TEXT-ALIGN: justify\">Unter Bezug auf ihre bis jetzt unbeantwortete Anfrage vom 18.10.10 hat Frau Jocelyne Lopez am 17.12.10 folgende Erinnerung an Prof. Dr. Wolfgang Sandner, Kurator f\u00fcr Welt-der-Physik\/Bundesministerium f\u00fcr Bildung und Forschung und Pr\u00e4sident der Deutschen Physikalischen Gesellschaft, per E-Mail geschickt:<\/p>\n<p style=\"TEXT-ALIGN: justify; PADDING-LEFT: 60px\"><strong>Von Jocelyne Lopez<\/strong><strong><br \/>\n<\/strong><strong>An Prof. Dr. Wolfgang Sandner<\/strong><br \/>\n<strong>Datum: 17.12.10<\/strong><br \/>\n<strong>Betr.: Bitte um Pr\u00fcfung wegen Hafele-Keating-Experiment<\/strong>\n<\/p>\n<p style=\"TEXT-ALIGN: justify; PADDING-LEFT: 60px\"><!--more-->Sehr geehrter Herr Prof. Dr. Sandner,<\/p>\n<p style=\"TEXT-ALIGN: justify; PADDING-LEFT: 60px\">Ich erlaube mir, an meine E-Mail vom 18.10.10 zu erinnern, in der ich Sie als Kurator f\u00fcr Welt-der-Physik \/ Bundesministerium f\u00fcr Bildung und Forschung und als Pr\u00e4sident der Deutschen Physikalischen Gesellschaft gebeten habe, eine Pr\u00fcfung des umstrittenen Experiments von Hafele und Keating zu veranlassen \u2013 siehe hier eine <strong><a href=\"http:\/\/wissenschaftliche-physik.com\/2010\/10\/bitte-um-prufung-an-herrn-prof-dr-wolfgang-sandner\/\" target=\"_blank\"><span style=\"color: #800000;\">Ver\u00f6ffentlichung meiner Anfrage im Internet<\/span><\/a><\/strong>.<\/p>\n<p style=\"TEXT-ALIGN: justify; PADDING-LEFT: 60px\">Wie Sie wissen, werden international seit 1972 nachhaltige Einw\u00e4nde vorgebracht \u00fcber die Methodologie des Experiments und die Auswertung der Messergebnisse, sowie auch Vorw\u00fcrfe der Manipulation durch unzul\u00e4ssige Nachjustierungen der Uhren durch die Experimentatoren.<\/p>\n<p style=\"TEXT-ALIGN: justify; PADDING-LEFT: 60px\">Vorw\u00fcrfe der Datenmanipulation werden zum Beispiel von dem irischen Autor A. G. Kelly erhoben, der angeblich die Originaldaten des Experiments aus einer nicht genannten Quelle erhalten hat und sie in einer Abhandlung mit dem Titel \u201c<em>Hafele &amp; Keating tests: did they prove anything<\/em>?\u201d ver\u00f6ffentlicht hat: Sie weichen n\u00e4mlich erheblich von den seinerzeit offiziell ver\u00f6ffentlichen Daten ab. Dieser Aufsatz von A.G. Kelly mit den \u201erichtigen\u201d Originaldaten ist schon seit mehreren Jahren im Internet der breiten \u00d6ffentlichkeit zug\u00e4nglich, siehe zum Beispiel: <a href=\"http:\/\/www.cartesio-episteme.net\/H&amp;KPaper.htm\" target=\"_blank\"><strong><span style=\"color: #800000;\">http:\/\/www.cartesio-episteme.net\/H&amp;KPaper.htm<\/span><\/strong><\/a><\/p>\n<p style=\"TEXT-ALIGN: justify; PADDING-LEFT: 60px\">Durch diese Umst\u00e4nde entsteht eine sehr fragw\u00fcrdige und bedenkliche Situation, die im Hinblick auf die Glaubw\u00fcrdigkeit der Physik m. E. nicht vertretbar ist und unbedingt einer Kl\u00e4rung bedarf.<\/p>\n<p style=\"TEXT-ALIGN: justify; PADDING-LEFT: 60px\">Aus diesem Grunde erlaube ich mir noch einmal zu fragen, ob die DPG durch ihre internationalen Kontakte eine Best\u00e4tigung einholen kann, da\u00df die von A.G. Kelly mitgeteilten Daten korrekt sind \u2013 sollte es diese Best\u00e4tigung nicht geben, sollte es m\u00f6glich und berechtigt sein, die Originaldaten dieses Experiments zu erbitten.<\/p>\n<p style=\"TEXT-ALIGN: justify; PADDING-LEFT: 60px\">Ich kann mir nicht vorstellen, dass die Deutsche Physikalische Gesellschaft einen Fall von Manipulation und Unredlichkeit in der Physik bewusst decken m\u00f6chte, was jedoch naheliegend w\u00e4re, wenn sie weiterhin unt\u00e4tig bliebe und weiterhin keine Pr\u00fcfung dieses Falls veranlassen w\u00fcrde.<\/p>\n<p style=\"TEXT-ALIGN: justify; PADDING-LEFT: 60px\">Vor diesem Hintergrund verweise ich zum Beispiel auf eine Analyse aus den Ver\u00f6ffentlichungen der Vereinigung der Deutschen Staatsrechtslehrer, die die Verantwortung der Wissenschaftler und des Staates bei der Beachtung der Standards guter wissenschaftlicher Praxis darlegt (Band 65, Berichte und Diskussionen auf der Tagung der Vereinigung der Deutschen Staatsrechtlehrer in Frankfurt am Main vom 5. bis 8 Oktober 2005, Zweiter Beratungsgegenstand \u201e<em>Grund und Grenzen der Wissenschaftsfreiheit<\/em>\u201c, VI. Wissenschaft und Moral, Seite 137, Verlag De Gruyter Recht, Berlin):<br \/>\n<a href=\"http:\/\/wissenschaftliche-physik.com\/2009\/11\/was-sagen-die-jura-experten-zur-rechtlichen-untersuchung-von-%e2%80%9elug-und-trug-in-den-wissenschaften%e2%80%9c\/\" target=\"_blank\"><span style=\"color: #800000;\">Was sagen die Jura-Experten zur rechtlichen Untersuchung von \u201e<em>Lug und Trug in den Wissenschaften<\/em>\u201c?<\/span><\/a>\n<\/p>\n<p style=\"TEXT-ALIGN: justify; PADDING-LEFT: 60px\">F\u00fcr einen Zwischenbescheid \u00fcber den Stand der Bearbeitung meiner Anfrage w\u00e4re ich dankbar.<\/p>\n<p style=\"TEXT-ALIGN: justify; PADDING-LEFT: 60px\">Mit freundlichen Gr\u00fc\u00dfen<br \/>\nJocelyne Lopez\n<\/p>\n<p style=\"TEXT-ALIGN: justify; PADDING-LEFT: 60px\"><strong>Kopie an<\/strong>:<\/p>\n<p style=\"TEXT-ALIGN: justify; PADDING-LEFT: 60px\">Prof. Dr. Metin Tolan, Mitglied des Welt-der-Physik-Lenkungsausschu\u00df f\u00fcr die DPG \/ Vorstandsmitglied \u00d6ffentlichkeitsarbeit der DPG \u2013 <a href=\"mailto:tolan@physik.uni-dortmund.de\" target=\"_blank\"><span style=\"color: #800000;\">tolan@physik.uni-dortmund.de<\/span><\/a>\u00a0<br \/>\nProf. Dr. Annette Schavan, Bundesministerin f\u00fcr Bildung und Forschung \u2013 <a href=\"mailto:annette.schavan@bmbf.bund.de\" target=\"_blank\"><span style=\"color: #800000;\">annette.schavan@bmbf.bund.de<\/span><\/a>\u00a0<\/p>\n<p style=\"TEXT-ALIGN: justify\">&#8212;-<\/p>\n<p>In diesem Zusammenhang verweisen wir auch auf folgende Blog-Eintr\u00e4ge:<br \/>\n<a href=\"http:\/\/www.jocelyne-lopez.de\/blog\/2010\/10\/prof-wolfgang-sandner-konnen-sie-noch-ruhig-schlafen-wenn-sie-nichts-gegen-volksverdummung-unternehmen\/\" target=\"_blank\"><span style=\"color: #800000;\">Helmut Hille: Prof. Wolfgang Sandner, k\u00f6nnen Sie noch ruhig schlafen, wenn Sie nichts gegen Volksverdummung unternehmen?<\/span><\/a><span style=\"color: #800000;\">\u00a0<br \/>\n<\/span><a href=\"http:\/\/www.jocelyne-lopez.de\/blog\/2010\/11\/harald-maurer-das-hafele-keating-experiment-kann-als-glatter-betrug-ausgelegt-werden\/\" target=\"_blank\"><span style=\"color: #800000;\">Harald Maurer: Das Hafele-Keating-Experiment kann als glatter Betrug ausgelegt werden<\/span><\/a>\n<\/p>\n<p style=\"TEXT-ALIGN: justify\"><strong>(Zitatende) <\/strong><\/p>\n<p style=\"TEXT-ALIGN: justify\">Beste Gr\u00fc\u00dfe <strong><a title=\"Ekkehard Friebe\" href=\"http:\/\/www.worldsci.org\/php\/index.php?tab0=Scientists&amp;tab1=Display&amp;id=494\" target=\"_blank\"><span style=\"color: #800000;\">Ekkehard Friebe<\/span><\/a><\/strong>\u00a0<\/p>\n","protected":false},"excerpt":{"rendered":"<p>Hiermit m\u00f6chte ich auf folgenden Beitrag von Jocelyne Lopez im Blog \u201eKritische Stimmen zur Relativit\u00e4tstheorie\u201c aufmerksam machen.\u00a0 Zitat: Erinnerung an Prof. Dr. Wolfgang Sandner, Bundesministerium f\u00fcr Bildung und Forschung\u00a0 von Jocelyne Lopez Unter Bezug auf ihre bis jetzt unbeantwortete Anfrage vom 18.10.10 hat Frau Jocelyne Lopez am 17.12.10 folgende Erinnerung an Prof. Dr. Wolfgang Sandner, [&hellip;]<\/p>\n","protected":false},"author":3,"featured_media":0,"comment_status":"open","ping_status":"open","sticky":false,"template":"","format":"standard","meta":{"footnotes":""},"categories":[5],"tags":[],"class_list":["post-2902","post","type-post","status-publish","format-standard","hentry","category-deutschsprachige-kritik-der-relativitatstheorie"],"_links":{"self":[{"href":"https:\/\/ekkehard-friebe.de\/blog\/wp-json\/wp\/v2\/posts\/2902"}],"collection":[{"href":"https:\/\/ekkehard-friebe.de\/blog\/wp-json\/wp\/v2\/posts"}],"about":[{"href":"https:\/\/ekkehard-friebe.de\/blog\/wp-json\/wp\/v2\/types\/post"}],"author":[{"embeddable":true,"href":"https:\/\/ekkehard-friebe.de\/blog\/wp-json\/wp\/v2\/users\/3"}],"replies":[{"embeddable":true,"href":"https:\/\/ekkehard-friebe.de\/blog\/wp-json\/wp\/v2\/comments?post=2902"}],"version-history":[{"count":0,"href":"https:\/\/ekkehard-friebe.de\/blog\/wp-json\/wp\/v2\/posts\/2902\/revisions"}],"wp:attachment":[{"href":"https:\/\/ekkehard-friebe.de\/blog\/wp-json\/wp\/v2\/media?parent=2902"}],"wp:term":[{"taxonomy":"category","embeddable":true,"href":"https:\/\/ekkehard-friebe.de\/blog\/wp-json\/wp\/v2\/categories?post=2902"},{"taxonomy":"post_tag","embeddable":true,"href":"https:\/\/ekkehard-friebe.de\/blog\/wp-json\/wp\/v2\/tags?post=2902"}],"curies":[{"name":"wp","href":"https:\/\/api.w.org\/{rel}","templated":true}]}}