{"id":2880,"date":"2010-11-18T09:58:12","date_gmt":"2010-11-18T08:58:12","guid":{"rendered":"http:\/\/ekkehard-friebe.de\/blog\/?p=2880"},"modified":"2010-11-18T09:58:12","modified_gmt":"2010-11-18T08:58:12","slug":"mahnung-zu-meiner-beschwerde-an-das-albert-einstein-institut","status":"publish","type":"post","link":"https:\/\/ekkehard-friebe.de\/blog\/mahnung-zu-meiner-beschwerde-an-das-albert-einstein-institut\/","title":{"rendered":"Mahnung zu meiner Beschwerde an das Albert Einstein Institut"},"content":{"rendered":"<p>Auf folgenden Beitrag vom 10. November 2010 im Blog von <strong>Jocelyne Lopez<\/strong> m\u00f6chte ich besonders hinweisen.<\/p>\n<p><strong>Zitat:<br \/>\n<\/strong><a href=\"http:\/\/www.jocelyne-lopez.de\/blog\/2010\/11\/mahnung-zu-meiner-beschwerde-an-das-albert-einstein-institut\/\" target=\"_blank\"><strong><span style=\"color: #800000;\">Mahnung zu meiner Beschwerde an das Albert Einstein Institut\u00a0<\/span><\/strong><\/a>\u00a0<br \/>\nIch habe gestern folgende Erinnerung per E-Mail zu meiner Beschwerde an das Albert Einstein Institut mit Kopie an die Bundesministerin f\u00fcr Bildung und Forschung geschickt:\u00a0<br \/>\n<strong>An die Direktoren des Albert Einstein Instituts \/<br \/>\nMax Planck Gesellschaft f\u00fcr Gravitationsphysik, Potsdam-Golm<br \/>\nProf. Gerhard Huisken, Prof. Hermann Nicolai, Prof. Bernard Schutz<br \/>\nKopie: Prof. Dr. Annette Schavan, Bundesministerin f\u00fcr Bildung und Forschung<br \/>\nDatum: 09.11.10<br \/>\nBetr. : Meine Beschwerde vom 06.10.10 <\/strong><\/p>\n<p>Sehr geehrter Herr Prof. Huisken,<br \/>\nSehr geehrter Herr Prof. Nicolai,<br \/>\nSehr geehrter Herr Prof. Schutz,<br \/>\nIch erlaube mir, Sie an meine o.g. E-Mail Beschwerde vom 06.10.10 zu erinnern, die ich auch im Internet ver\u00f6ffentlicht habe, siehe:<\/p>\n<p><a href=\"http:\/\/wissenschaftliche-physik.com\/2010\/11\/beschwerde-an-das-albert-einstein-institut\/\" target=\"_blank\"><!--more--><span style=\"color: #800000;\">Beschwerde an das Albert Einstein Institut<\/span><\/a><\/p>\n<p>Vor diesem Hintergrund und im gleichen Kontext mache ich Sie auch auf weitere Fragen \u00fcber die Natur der L\u00e4ngenkontraktion aufmerksam, die an Herrn Dr. Markus P\u00f6ssel von Herrn Peter Ripota am 15.06.10 gerichtet wurden, siehe:<\/p>\n<p><a href=\"http:\/\/www.jocelyne-lopez.de\/blog\/2010\/06\/anfrage-von-peter-ripota-an-dr-markus-possel\/\" target=\"_blank\"><span style=\"color: #800000;\">Anfrage von Peter Ripota an Dr. Markus P\u00f6ssel<\/span><\/a><\/p>\n<p>und woraus hervorgeht, dass die Natur der L\u00e4ngenkontraktion durch mehrere Autoren der Relativistik weltweit verschiedentlich interpretiert wird \u2013 insgesamt sind ca. 30 Autoren dokumentiert, die etwas Anderes unter der L\u00e4ngenkontraktion in der Speziellen Relativit\u00e4tstheorie verstehen, siehe hier:<\/p>\n<p><a href=\"http:\/\/www.jocelyne-lopez.de\/blog\/2010\/08\/die-langenkontraktion-ist-wahr-aber-nicht-wirklich-wahr%e2%80%a6\/\" target=\"_blank\"><span style=\"color: #800000;\">Die L\u00e4ngenkontraktion ist wahr, aber nicht wirklich wahr\u2026<\/span><\/a><\/p>\n<p>Dieser Umstand ist in meinen Augen f\u00fcr eine etablierte Theorie nicht vertretbar, es kann ja nicht angehen, dass zahlreiche Missverst\u00e4ndnisse selbst unter den Vertretern der Theorie seit langem bestehen jedoch nicht ausger\u00e4umt werden und auch hier w\u00e4re ich dankbar, wenn Sie Stellung zu diesen aufgeworfenen Fragen aus der Kritikergemeinde nehmen w\u00fcrden.<\/p>\n<p>Ich w\u00fcrde mich freuen, wenn Sie mir zumindest einen Zwischenbescheid \u00fcber den Stand der Bearbeitung meiner Beschwerde zukommen lassen w\u00fcrden.<\/p>\n<p>Ich danke im voraus und verbleibe<br \/>\nmit freundlichen Gr\u00fc\u00dfen<br \/>\nJocelyne Lopez<\/p>\n<p>\u00a0<\/p>\n<h2>Comments<\/h2>\n<ol>\n<li><a href=\"http:\/\/www.jocelyne-lopez.de\/blog\/2010\/10\/beschwerde-an-das-albert-einstein-institut\/\" target=\"_blank\"><span style=\"color: #800000;\">Beschwerde an das Albert Einstein Institut | Blog &#8211; Jocelyne Lopez<\/span><\/a><\/li>\n<\/ol>\n<p>November 10th, 2010 |<span style=\"color: #800000;\"> <\/span><a title=\"comment link url\" href=\"http:\/\/www.jocelyne-lopez.de\/blog\/2010\/11\/mahnung-zu-meiner-beschwerde-an-das-albert-einstein-institut\/#comment-1646#comment-1646\" target=\"_blank\"><span style=\"color: #800000;\">08:27 <\/span><\/a><\/p>\n<p>[&#8230;] Mahnung zu meiner Beschwerde an das Albert Einstein Institut zur\u00fcck nach oben | Ver\u00f6ffentlicht in Kritik der Relativit\u00e4tstheorie [&#8230;]<\/p>\n<ol>\n<li><a href=\"http:\/\/www.jocelyne-lopez.de\/blog\/2010\/11\/spezielle-relativitatstheorie-ein-intellektueller-betrug\/\" target=\"_blank\"><span style=\"color: #800000;\">Spezielle Relativit\u00e4tstheorie: Ein intellektueller Betrug | Blog &#8211; Jocelyne Lopez<\/span><\/a><\/li>\n<\/ol>\n<p>November 12th, 2010 |<span style=\"color: #800000;\"> <\/span><a title=\"comment link url\" href=\"http:\/\/www.jocelyne-lopez.de\/blog\/2010\/11\/mahnung-zu-meiner-beschwerde-an-das-albert-einstein-institut\/#comment-1648#comment-1648\" target=\"_blank\"><span style=\"color: #800000;\">07:54<\/span> <\/a><\/p>\n<p>[&#8230;] an das Albert Einstein Institut Mahnung zu meiner Beschwerde an das Albert Einstein Institut zur\u00fcck nach oben | Ver\u00f6ffentlicht in Kritik der [&#8230;]<\/p>\n<ol>\n<li><a href=\"http:\/\/www.jocelyne-lopez.de\/blog\/2010\/11\/relativitatstheorie-in-der-geschichte-der-wissenschaft-an-peinlichkeit-nicht-zu-ubertreffen\/\" target=\"_blank\"><span style=\"color: #800000;\">Relativit\u00e4tstheorie: In der Geschichte der Wissenschaft an Peinlichkeit nicht zu \u00fcbertreffen | Blog &#8211; Jocelyne Lopez<\/span><\/a><\/li>\n<\/ol>\n<p>November 17th, 2010 |<span style=\"color: #800000;\"> <\/span><a title=\"comment link url\" href=\"http:\/\/www.jocelyne-lopez.de\/blog\/2010\/11\/mahnung-zu-meiner-beschwerde-an-das-albert-einstein-institut\/#comment-1658#comment-1658\" target=\"_blank\"><span style=\"color: #800000;\">19:02<\/span> <\/a><\/p>\n<p>[&#8230;] Siehe auch: Beschwerde an das Albert Einstein Institut Mahnung zu meiner Beschwerde an das Albert Einstein Institut Dr. Markus P\u00f6ssel, wir brauchen keine \u201eEinf\u00fchrung\u201c in die Relativit\u00e4tstheorie, sondern die [&#8230;]<\/p>\n<p><strong>(Zitatende)<\/strong><\/p>\n<p>Beste Gr\u00fc\u00dfe <strong><a title=\"Ekkehard Friebe\" href=\"http:\/\/www.worldsci.org\/php\/index.php?tab0=Scientists&amp;tab1=Display&amp;id=494\" target=\"_blank\"><span style=\"color: #800000;\">Ekkehard Friebe<\/span><\/a><\/strong><\/p>\n","protected":false},"excerpt":{"rendered":"<p>Auf folgenden Beitrag vom 10. November 2010 im Blog von Jocelyne Lopez m\u00f6chte ich besonders hinweisen. Zitat: Mahnung zu meiner Beschwerde an das Albert Einstein Institut\u00a0\u00a0 Ich habe gestern folgende Erinnerung per E-Mail zu meiner Beschwerde an das Albert Einstein Institut mit Kopie an die Bundesministerin f\u00fcr Bildung und Forschung geschickt:\u00a0 An die Direktoren des [&hellip;]<\/p>\n","protected":false},"author":3,"featured_media":0,"comment_status":"open","ping_status":"open","sticky":false,"template":"","format":"standard","meta":{"footnotes":""},"categories":[5],"tags":[],"class_list":["post-2880","post","type-post","status-publish","format-standard","hentry","category-deutschsprachige-kritik-der-relativitatstheorie"],"_links":{"self":[{"href":"https:\/\/ekkehard-friebe.de\/blog\/wp-json\/wp\/v2\/posts\/2880"}],"collection":[{"href":"https:\/\/ekkehard-friebe.de\/blog\/wp-json\/wp\/v2\/posts"}],"about":[{"href":"https:\/\/ekkehard-friebe.de\/blog\/wp-json\/wp\/v2\/types\/post"}],"author":[{"embeddable":true,"href":"https:\/\/ekkehard-friebe.de\/blog\/wp-json\/wp\/v2\/users\/3"}],"replies":[{"embeddable":true,"href":"https:\/\/ekkehard-friebe.de\/blog\/wp-json\/wp\/v2\/comments?post=2880"}],"version-history":[{"count":0,"href":"https:\/\/ekkehard-friebe.de\/blog\/wp-json\/wp\/v2\/posts\/2880\/revisions"}],"wp:attachment":[{"href":"https:\/\/ekkehard-friebe.de\/blog\/wp-json\/wp\/v2\/media?parent=2880"}],"wp:term":[{"taxonomy":"category","embeddable":true,"href":"https:\/\/ekkehard-friebe.de\/blog\/wp-json\/wp\/v2\/categories?post=2880"},{"taxonomy":"post_tag","embeddable":true,"href":"https:\/\/ekkehard-friebe.de\/blog\/wp-json\/wp\/v2\/tags?post=2880"}],"curies":[{"name":"wp","href":"https:\/\/api.w.org\/{rel}","templated":true}]}}