{"id":2779,"date":"2010-04-25T08:22:57","date_gmt":"2010-04-25T07:22:57","guid":{"rendered":"http:\/\/ekkehard-friebe.de\/blog\/?p=2779"},"modified":"2010-04-25T08:22:57","modified_gmt":"2010-04-25T07:22:57","slug":"verantwortung-fur-die-universitare-ausbildung-ubernehmen","status":"publish","type":"post","link":"https:\/\/ekkehard-friebe.de\/blog\/verantwortung-fur-die-universitare-ausbildung-ubernehmen\/","title":{"rendered":"Verantwortung f\u00fcr die universit\u00e4re Ausbildung \u00fcbernehmen!"},"content":{"rendered":"<p>Ich bringe jetzt einen sehr wichtigen Beitrag vom 28. M\u00e4rz 2010 aus dem Blog von <strong><a title=\"Jocelyne Lopez.\" href=\"http:\/\/www.worldsci.org\/php\/index.php?tab0=Scientists&amp;tab1=Display&amp;id=499\" target=\"_blank\"><span style=\"color: #800000;\">Jocelyne Lopez.<\/span><\/a><\/strong><\/p>\n<p><strong>Zitat:<\/strong><\/p>\n<h3><a href=\"http:\/\/www.jocelyne-lopez.de\/blog\/2010\/03\/verantwortung-fur-die-universitare-ausbildung-ubernehmen\/\" target=\"_blank\"><span style=\"color: #800000;\">Verantwortung f\u00fcr die universit\u00e4re Ausbildung \u00fcbernehmen!<\/span> <\/a><\/h3>\n<p style=\"TEXT-ALIGN: justify\">Ich verweise auf meine Eintr\u00e4ge <a href=\"http:\/\/www.jocelyne-lopez.de\/blog\/2010\/03\/im-bildungssystem-wird-eine-falsche-auslegung-der-speziellen-relativitatstheorie-gelehrt\/\" target=\"_blank\"><span style=\"color: #800000;\">Im Bildungssystem wird eine falsche Auslegung der Speziellen Relativit\u00e4tstheorie gelehrt,<\/span> <\/a>sowie\u00a0<a title=\"Permanenter Link zu Einzug der Kritik der Relativit\u00e4tstheorie in die Universit\u00e4ten\" href=\"http:\/\/wissenschaftliche-physik.com\/2010\/03\/einzug-der-kritik-der-relativitatstheorie-in-die-universitaten\/\" target=\"_blank\"><span style=\"color: #800000;\">Einzug der Kritik der Relativit\u00e4tstheorie in die Universit\u00e4ten<\/span><\/a>, woraus hervorgeht, dass die Fragen und Einw\u00e4nde der Kritiker seit \u00fcber 100 Jahren in den Universit\u00e4ten ignoriert, verschwiegen und vertuscht werden.<\/p>\n<p style=\"TEXT-ALIGN: justify\">Neben der \u00fcberaus wichtigen Kernfrage, ob die relativistischen Effekte real (im Sinne von materiell) oder scheinbar (im Sinne von Me\u00dfeffekten) seien, die wohlgemerkt bis jetzt in keinem Lehrbuch des \u00f6ffentlichen Bildungswesens behandelt wird \u2013 obwohl sie seit mehr als 100 Jahren weltweit von Kritikern thematisiert wird \u2013 w\u00e4re eine ganze Reihe von wichtigen Fragen und Einw\u00e4nden in Lehrb\u00fcchern zu erw\u00e4hnen und zu behandeln, wenn man Ausbildung und Wissenstransfer verantwortungsbewu\u00dft praktizieren w\u00fcrde, wie zum Beispiel:<br \/>\n<!--more--><\/p>\n<ol style=\"TEXT-ALIGN: justify\">\n<li>Was sollte die Ursache der L\u00e4ngenkontraktion in der\u00a0im Bildungssystem falsch gelehrten Auslegung der Speziellen Relativit\u00e4tstheorie sein, wonach die L\u00e4ngenkontraktion real im Sinne von materiell sei? Durch welche mysteri\u00f6se und nicht genannte Kraft sollte sich ein Gegenstand materiell verk\u00fcrzen k\u00f6nnen, wenn ein Beobachter an ihn vorbeil\u00e4uft? Ist es verantwortungsvoll Kindern und Studenten zu lehren und glauben zu lassen, dass ein Objekt sich nur durch die Bewegung eines Beobachters materiell ver\u00e4ndert?! Soll es Esoterik, Mystizismus oder Verdummung sein? Siehe z.B. auch <a href=\"http:\/\/www.jocelyne-lopez.de\/blog\/2009\/02\/die-esoterische-langenkontraktion-der-speziellen-relativitatstheorie-auch-ein-joke\/\" target=\"_blank\"><span style=\"color: #800000;\">hier<\/span><\/a>.<br \/>\n\u2014<\/li>\n<li>Welche \u201e<em>konkrete Messungen<\/em>\u201c sollen die L\u00e4ngenkontraktion in der vom Albert Einstein Institut offiziell vertretenen Auslegung der Speziellen Relativit\u00e4ts-theorie\u00a0nachgewiesen haben, wonach die L\u00e4ngenkontraktion ein Me\u00dfeffekt sei? Wobei es gleichzeitig widerspr\u00fcchlicherweise gelehrt wird, dass die Effekte in unserer Dimension nicht messbar seien\u2026 Wo wird diese Frage in Lehrb\u00fcchern behandelt und gekl\u00e4rt? Ist es redlich und verantwortungsvoll Kindern und Studenten zu lehren und glauben zu lassen, dass ein Effekt gemessen wurde, wenn das nicht stimmt und auch prinzipiell nicht m\u00f6glich ist? Siehe z.B. auch <a href=\"http:\/\/www.jocelyne-lopez.de\/blog\/2010\/03\/erfinden-und-manipulieren-die-relativisten-ihre-messungen\/\" target=\"_blank\">hier<\/a>.<br \/>\n\u2014<\/li>\n<li>Welchen Geltungsbereich soll man f\u00fcr die G\u00fcltigkeit der Postulate und der Folgerungen der Speziellen Relativit\u00e4tstheorie\u00a0voraussetzen? Wo befindet sich im Universum ein Raum, wo weder Gravitation, noch sonstige Kr\u00e4fte und Umweltbedingungen wirken und wo die Postulate g\u00fcltig seien? Wo wird diese Frage in Lehrb\u00fcchern behandelt und gekl\u00e4rt, die seit mehr als 100 Jahren von den Kritikern thematisiert wird? Ist es redlich und verantwortungsvoll Kindern und Studenten zu lehren und glauben zu lassen, dass die Speziellen Relativit\u00e4tstheorie universelle Gesetze beschreibt, wenn nirgendwo im Universum die Bedingungen f\u00fcr die G\u00fcltigkeit dieser Gesetze erf\u00fcllt sind?! Soll im \u00f6ffentlichen Bildungssystem jetzt nur noch Fantastereien und Science-Fiction gelehrt werden, weil gem\u00e4\u00df Einstein Fantasie wichtiger ist als Wissen, denn Wissen ist begrenzt? Siehe z.B. auch <a href=\"http:\/\/www.jocelyne-lopez.de\/blog\/2010\/03\/die-welt-der-speziellen-relativitatstheorie-existiert-nicht\/\" target=\"_blank\"><span style=\"color: #800000;\">hier<\/span><\/a>.<\/li>\n<\/ol>\n<p style=\"TEXT-ALIGN: justify\">Die Liste der Fragen und Einw\u00e4nde, die seit 100 Jahren von fachlich qualifizierten Kritikern weltweit thematisiert wurden k\u00f6nnte man beliebig fortsetzen (siehe zum Beispiel <a href=\"http:\/\/www.ekkehard-friebe.de\/kap2.pdf\" target=\"_blank\"><span style=\"color: #800000;\">Fehlerkatalog<\/span><\/a> der Forschungsgruppe G.O. Mueller). Wo werden diese Fragen und Einw\u00e4nde in Lehrb\u00fcchern erw\u00e4hnt und argumentativ behandelt? Warum werden sie den Studenten vorenthalten? Ist es redlich und verantwortungsvoll den Kindern und Studenten glauben zu lassen, dass die Spezielle Relativit\u00e4tstheorie\u00a0eine \u00fcber alle Kritik erhabene Genialit\u00e4t sei, dass es keine ernst zunehmende Kritik je gegeben habe und dass es auch bisher keine gleichwertigen Alternativen g\u00e4be?!<\/p>\n<p style=\"TEXT-ALIGN: justify\">Die Verantwortlichen im \u00f6ffentlichen Bildungssysteme sollen sich diese Fragen von den B\u00fcrgern gefallen lassen, so lange sie nicht ihre Pflicht nachgehen indem sie die Lehre der Kritik in die Universit\u00e4ten einf\u00fchren und zusammen mit der Theorie tradieren \u2013 wie es in der Ethik der Wissenschaft und im Grundgesetz verankert ist.<\/p>\n<p style=\"TEXT-ALIGN: justify\">In diesem Sinne habe ich z.B. Prof. Dr. J\u00fcrgen Richter vom Bundesministerium f\u00fcr Bildung und Forschung erst einmal um Beantwortung der Frage gebeten, warum im \u00f6ffentlichen Bildungssystem eine falsche Auslegung der Theorie gelehrt wird (mit realen Effekten), wobei das \u00f6ffentliche Institut, das er mir f\u00fcr die Kl\u00e4rung von strittigen Fragen genannt hat (Albert Einstein Institut in Potsdam), eine Interpretation ohne reale Effekte vertritt, siehe <a href=\"http:\/\/wissenschaftliche-physik.com\/2009\/07\/ansprache-an-das-bundesministerium-fur-bildung-und-forschung\/\" target=\"_blank\"><span style=\"color: #800000;\">hier<\/span><\/a>.<\/p>\n<p style=\"TEXT-ALIGN: justify\">Hier erinnere ich auch an g\u00e4ngige Aktionsm\u00f6glichkeiten der B\u00fcrger, die von allen gesellschaftlich engagierten Organisationen empfohlen werden, wie zum Beispiel vom Verein Whistleblower e.V. in einem \u00e4hnlich gelagerten Fallbeispiel: <a href=\"http:\/\/www.whistleblower-net.de\/content\/view\/192\/1\/lang,de\/\" target=\"_blank\"><span style=\"color: #800000;\">Whistleblower-Netzwerk fordert Aufschub der Verj\u00e4hrung von Amtsdelikten:<\/span><\/a><\/p>\n<p style=\"TEXT-ALIGN: justify\"><strong>Helfen Sie mit, die Verantwortung von Amtstr\u00e4gern zu st\u00e4rken <\/strong><\/p>\n<p style=\"TEXT-ALIGN: justify\">Wie die bisherige Behandlung durch B\u00fcrokratie und Politik zeigt, braucht diese Initiative die Unterst\u00fctzung von B\u00fcrgerinnen und B\u00fcrgern, die die Verantwortung von Amtstr\u00e4gern einfordern. Unterst\u00fctzen Sie uns, z.B. in dem Sie:<br \/>\n\u2022 \u00fcber unsere Initiative berichten, bloggen und diskutieren!<br \/>\n\u2022 Fragen und Unterst\u00fctzungsschreiben an Bundestagsabgeordnete und Parteien richten!<br \/>\n\u2022 uns weitere gute Argumente zur Unterst\u00fctzung liefern!<br \/>\n\u2022 uns Fallbeispiele, insbesondere von Einstellungsverf\u00fcgungen von Staatsanwaltschaften mit der Begr\u00fcndung \u201eVerj\u00e4hrung\u201c, zusenden!\n<\/p>\n<p style=\"TEXT-ALIGN: justify\">Diskutieren ist gut, handeln ist besser \u2013 \u00a0jede Stimme, jede Initiative z\u00e4hlt und ist wertvoll.<\/p>\n<p style=\"TEXT-ALIGN: justify\">(Jocelyne Lopez)<\/p>\n<p style=\"TEXT-ALIGN: justify\">[ . . . . . . . ]<\/p>\n<hr style=\"TEXT-ALIGN: justify\" size=\"2\" \/>\n<p style=\"TEXT-ALIGN: justify\"><strong>Comments<\/strong><\/p>\n<ol style=\"TEXT-ALIGN: justify\">\n<li><a href=\"http:\/\/www.jocelyne-lopez.de\/blog\/2010\/04\/wissenschaft-ohne-zulassung-der-kritik-ist-keine-wissenschaft\/\" target=\"_blank\"><span style=\"color: #800000;\">Wissenschaft ohne Zulassung der Kritik ist keine Wissenschaft! | Blog &#8211; Jocelyne Lopez<\/span><\/a><\/li>\n<\/ol>\n<p style=\"TEXT-ALIGN: justify\">April 3rd, 2010 | <a title=\"comment link url\" href=\"http:\/\/www.jocelyne-lopez.de\/blog\/2010\/03\/verantwortung-fur-die-universitare-ausbildung-ubernehmen\/#comment-1181#comment-1181\">12:09 <\/a><\/p>\n<p style=\"TEXT-ALIGN: justify\">[&#8230;] Verantwortung f\u00fcr die universit\u00e4re Ausbildung \u00fcbernehmen! [&#8230;]<\/p>\n<ol style=\"TEXT-ALIGN: justify\">\n<li><a href=\"http:\/\/www.jocelyne-lopez.de\/blog\/2010\/04\/seadin-jelovac-bei-facebook-einfuhrung-der-wissenschaftsfreiheit-in-das-schulsystem\/\" target=\"_blank\"><span style=\"color: #800000;\">Seadin Jelovac bei Facebook: Einf\u00fchrung der Wissenschaftsfreiheit in das Schulsystem | Blog &#8211; Jocelyne Lopez<\/span><\/a><span style=\"color: #800000;\"> <\/span><\/li>\n<\/ol>\n<p style=\"TEXT-ALIGN: justify\">April 5th, 2010 | <a title=\"comment link url\" href=\"http:\/\/www.jocelyne-lopez.de\/blog\/2010\/03\/verantwortung-fur-die-universitare-ausbildung-ubernehmen\/#comment-1183#comment-1183\">11:04 <\/a><\/p>\n<p style=\"TEXT-ALIGN: justify\">[&#8230;] Verantwortung f\u00fcr die universit\u00e4re Ausbildung \u00fcbernehmen! [&#8230;]<\/p>\n<ol style=\"TEXT-ALIGN: justify\">\n<li><a href=\"http:\/\/www.jocelyne-lopez.de\/blog\/2010\/04\/prof-dr-christoph-markschies-das-freie-wort-ist-fur-eine-universitat-und-gesellschaft-essentiell\/\" target=\"_blank\"><span style=\"color: #800000;\">Prof. Dr. Christoph Markschies: Das freie Wort ist f\u00fcr eine Universit\u00e4t und Gesellschaft essentiell | Blog &#8211; Jocelyne Lopez<\/span><\/a><\/li>\n<\/ol>\n<p style=\"TEXT-ALIGN: justify\">April 9th, 2010 | <a title=\"comment link url\" href=\"http:\/\/www.jocelyne-lopez.de\/blog\/2010\/03\/verantwortung-fur-die-universitare-ausbildung-ubernehmen\/#comment-1189#comment-1189\">06:54 <\/a><\/p>\n<p style=\"TEXT-ALIGN: justify\">[&#8230;] Verantwortung f\u00fcr die universit\u00e4re Ausbildung \u00fcbernehmen! [&#8230;]<\/p>\n<ol style=\"TEXT-ALIGN: justify\">\n<li><a href=\"http:\/\/www.jocelyne-lopez.de\/blog\/2010\/04\/albert-einstein-%e2%80%9ebergson-hat-schwere-bocke-geschossen%e2%80%9c\/\" target=\"_blank\"><span style=\"color: #800000;\">Albert Einstein: \u201eBergson hat schwere B\u00f6cke geschossen\u201c | Blog &#8211; Jocelyne Lopez<\/span><\/a><span style=\"color: #800000;\"> <\/span><\/li>\n<\/ol>\n<p style=\"TEXT-ALIGN: justify\">April 10th, 2010 | <a title=\"comment link url\" href=\"http:\/\/www.jocelyne-lopez.de\/blog\/2010\/03\/verantwortung-fur-die-universitare-ausbildung-ubernehmen\/#comment-1192#comment-1192\">08:43 <\/a><\/p>\n<p style=\"TEXT-ALIGN: justify\">[&#8230;] der Kritik der Relativit\u00e4tstheorie in die Universit\u00e4ten Verantwortung f\u00fcr die universit\u00e4re Ausbildung \u00fcbernehmen! Im Bildungssystem wird eine falsche Auslegung der Speziellen Relativit\u00e4tstheorie gelehrt Karl [&#8230;]<\/p>\n<ol style=\"TEXT-ALIGN: justify\">\n<li><a href=\"http:\/\/www.jocelyne-lopez.de\/blog\/2010\/04\/das-grundgesetz-schreibt-die-lehre-der-kritik-in-den-universitaten-vor\/\" target=\"_blank\"><span style=\"color: #800000;\">Das Grundgesetz schreibt die Lehre der Kritik in den Universit\u00e4ten vor | Blog &#8211; Jocelyne Lopez<\/span><\/a><span style=\"color: #800000;\"> <\/span><\/li>\n<\/ol>\n<p style=\"TEXT-ALIGN: justify\">April 11th, 2010 | <a title=\"comment link url\" href=\"http:\/\/www.jocelyne-lopez.de\/blog\/2010\/03\/verantwortung-fur-die-universitare-ausbildung-ubernehmen\/#comment-1195#comment-1195\">07:57 <\/a><\/p>\n<p style=\"TEXT-ALIGN: justify\">[&#8230;] Siehe auch: Verantwortung f\u00fcr die universit\u00e4re Ausbildung \u00fcbernehmen! Karl Popper: Die kritische Einstellung ist das Wesentliche in der Wissenschaft Die Verantwortung [&#8230;]<\/p>\n<ol style=\"TEXT-ALIGN: justify\">\n<li><a href=\"http:\/\/www.jocelyne-lopez.de\/blog\/2010\/04\/das-offentliche-bildungssystem-ist-keine-private-veranstaltung\/\" target=\"_blank\"><span style=\"color: #800000;\">Das \u00f6ffentliche Bildungssystem ist keine private Veranstaltung | Blog &#8211; Jocelyne Lopez<\/span><\/a><span style=\"color: #800000;\"> <\/span><\/li>\n<\/ol>\n<p style=\"TEXT-ALIGN: justify\">April 13th, 2010 | <a title=\"comment link url\" href=\"http:\/\/www.jocelyne-lopez.de\/blog\/2010\/03\/verantwortung-fur-die-universitare-ausbildung-ubernehmen\/#comment-1199#comment-1199\">07:38 <\/a><\/p>\n<p style=\"TEXT-ALIGN: justify\">[&#8230;] Siehe auch: Verantwortung f\u00fcr die universit\u00e4re Ausbildung \u00fcbernehmen! Karl Popper: Die kritische Einstellung ist das Wesentliche in der Wissenschaft Die Verantwortung [&#8230;]<\/p>\n<p style=\"TEXT-ALIGN: justify\"><strong>(Zitatende) <\/strong><\/p>\n<p style=\"TEXT-ALIGN: justify\">Beste Gr\u00fc\u00dfe <strong><a title=\"Ekkehard Friebe\" href=\"http:\/\/www.worldsci.org\/php\/index.php?tab0=Scientists&amp;tab1=Display&amp;id=494\" target=\"_blank\"><span style=\"color: #800000;\">Ekkehard Friebe<\/span><\/a><\/strong><\/p>\n","protected":false},"excerpt":{"rendered":"<p>Ich bringe jetzt einen sehr wichtigen Beitrag vom 28. M\u00e4rz 2010 aus dem Blog von Jocelyne Lopez. Zitat: Verantwortung f\u00fcr die universit\u00e4re Ausbildung \u00fcbernehmen! Ich verweise auf meine Eintr\u00e4ge Im Bildungssystem wird eine falsche Auslegung der Speziellen Relativit\u00e4tstheorie gelehrt, sowie\u00a0Einzug der Kritik der Relativit\u00e4tstheorie in die Universit\u00e4ten, woraus hervorgeht, dass die Fragen und Einw\u00e4nde der [&hellip;]<\/p>\n","protected":false},"author":3,"featured_media":0,"comment_status":"open","ping_status":"open","sticky":false,"template":"","format":"standard","meta":{"footnotes":""},"categories":[5],"tags":[],"class_list":["post-2779","post","type-post","status-publish","format-standard","hentry","category-deutschsprachige-kritik-der-relativitatstheorie"],"_links":{"self":[{"href":"https:\/\/ekkehard-friebe.de\/blog\/wp-json\/wp\/v2\/posts\/2779"}],"collection":[{"href":"https:\/\/ekkehard-friebe.de\/blog\/wp-json\/wp\/v2\/posts"}],"about":[{"href":"https:\/\/ekkehard-friebe.de\/blog\/wp-json\/wp\/v2\/types\/post"}],"author":[{"embeddable":true,"href":"https:\/\/ekkehard-friebe.de\/blog\/wp-json\/wp\/v2\/users\/3"}],"replies":[{"embeddable":true,"href":"https:\/\/ekkehard-friebe.de\/blog\/wp-json\/wp\/v2\/comments?post=2779"}],"version-history":[{"count":0,"href":"https:\/\/ekkehard-friebe.de\/blog\/wp-json\/wp\/v2\/posts\/2779\/revisions"}],"wp:attachment":[{"href":"https:\/\/ekkehard-friebe.de\/blog\/wp-json\/wp\/v2\/media?parent=2779"}],"wp:term":[{"taxonomy":"category","embeddable":true,"href":"https:\/\/ekkehard-friebe.de\/blog\/wp-json\/wp\/v2\/categories?post=2779"},{"taxonomy":"post_tag","embeddable":true,"href":"https:\/\/ekkehard-friebe.de\/blog\/wp-json\/wp\/v2\/tags?post=2779"}],"curies":[{"name":"wp","href":"https:\/\/api.w.org\/{rel}","templated":true}]}}