{"id":2765,"date":"2010-04-03T09:01:34","date_gmt":"2010-04-03T08:01:34","guid":{"rendered":"http:\/\/ekkehard-friebe.de\/blog\/?p=2765"},"modified":"2010-04-03T09:01:34","modified_gmt":"2010-04-03T08:01:34","slug":"die-mathematiker-sind-am-intellektuellen-desaster-der-relativitatstheorie-schuld","status":"publish","type":"post","link":"https:\/\/ekkehard-friebe.de\/blog\/die-mathematiker-sind-am-intellektuellen-desaster-der-relativitatstheorie-schuld\/","title":{"rendered":"Die Mathematiker sind am intellektuellen Desaster der Relativit\u00e4tstheorie Schuld"},"content":{"rendered":"<p>Ich bringe nun einen Beitrag vom 27. M\u00e4rz 2010 aus dem Blog von <strong><a title=\"Jocelyne Lopez\" href=\"http:\/\/www.worldsci.org\/php\/index.php?tab0=Scientists&amp;tab1=Display&amp;id=499\" target=\"_blank\"><span style=\"color: #800000;\">Jocelyne Lopez<\/span><\/a><\/strong>. Diesen Beitrag halte ich f\u00fcr besonders wichtig.<\/p>\n<h3>Zitat:<\/h3>\n<p><strong><a title=\"Die Mathematiker sind am intellektuellen Desaster der Relativit\u00e4tstheorie Schuld\" href=\"http:\/\/www.jocelyne-lopez.de\/blog\/2010\/03\/die-mathematiker-sind-am-intellektuellen-desaster-der-relativitatstheorie-schuld\/\" target=\"_blank\"><span style=\"color: #800000;\">Die Mathematiker sind am intellektuellen Desaster der Relativit\u00e4tstheorie Schuld<\/span><\/a><\/strong><\/p>\n<p style=\"TEXT-ALIGN: justify\">Dr. Markus P\u00f6ssel vom Albert Einstein Institut hat 2008 die grundlegende Frage der Realit\u00e4t der relativistischen Effekte durch die Vermittlung des Bundesministeriums f\u00fcr Bildung und Forschung <a href=\"http:\/\/www.jocelyne-lopez.de\/blog\/2010\/02\/dr-markus-possel-endlich-eine-eindeutige-aufklarung\/\" target=\"_blank\"><strong><span style=\"color: #800000;\">eindeutig gekl\u00e4rt<\/span><\/strong><\/a>: Es handelt sich bei dem relativistischen Effekt \u201e<em>L\u00e4ngenkontraktion<\/em>\u201c nicht um einen realen Effekt im Sinne von einer materiellen Verk\u00fcrzung der bewegten Objekte, sondern lediglich um einen Messeffekt bzw. eine Messillusion. Bewegte Objekte ver\u00e4ndern in der Speziellen Relativit\u00e4tstheorie ihre materielle Ruhel\u00e4nge nicht, genauso wenig wie Objekte, die aus verschiedenen Perspektiven beobachtet werden ihre Ma\u00dfen real ver\u00e4ndern \u2013 was jedermann schon als Kind intuitiv wahrnimmt und wortlos versteht.<\/p>\n<p style=\"TEXT-ALIGN: justify\"><!--more-->Trotz diesen eindeutigen Aussagen wird im \u00f6ffentlichen Bildungssystem seit Jahrzehnten eine falsche und \u00e4u\u00dferst stupide Auslegung der Theorie gelehrt, wonach diese Effekte gem\u00e4\u00df Relativit\u00e4tstheorie real seien, und zwar allein aufgrund von Relativbewegungen. So wird der Bev\u00f6lkerung den haarstr\u00e4ubenden Unsinn beigebracht, dass ein Objekt sich real verk\u00fcrzt, nur weil ein Beobachter an ihn vorbeil\u00e4uft! Es gibt massive Beweise seit Jahren in Internetdiskussionen, dass die Mehrzahl der Diskutanten pflichtgem\u00e4\u00df an diesen im Bildungssystem gelehrten Unsinn glauben, einschlie\u00dflich studierten Naturwissenschaftlern!<\/p>\n<p style=\"TEXT-ALIGN: justify\">Dieses intellektuelle Desaster ist meiner Meinung nach auf die \u00dcberbewertung der Mathematik und auf solche Mathematiker zur\u00fcckzuf\u00fchren, die alles als wahr und richtig betrachten und erkl\u00e4ren, was sich mathematisch korrekt beschreiben l\u00e4sst. Dabei \u00fcbersehen sie, dass Mathematik nur eine Sprache ist, die wie alle Sprachen alles korrekt beschreiben kann, das Wahre genauso wie das Falsche, das Sinnvolle genauso wie den Unsinn, das Reale genauso wie das Erfundene, die Wirklichkeit genauso wie die Fantasie. Man kann also auch sehr wohl korrekt mathematisch beschreiben, dass ein Objekt sich verk\u00fcrzt nur weil ein Beobachter an ihn vorbeil\u00e4uft\u2026 Es ist aber in h\u00f6chsten Ma\u00dfen unverantwortlich, dass so ein in Mathematik verpackter Unsinn im \u00f6ffentlichen Bildungssystem seit Jahrzehnten gelehrt wird und die Sch\u00fcler damit verdummt werden. Die intelligenten Mathematiker sollten zur Ehrenrettung ihrer Zunft eindeutige Stellung zu diesem Unsinn nehmen und die Grenze ihrer Disziplin zur Erforschung der physikalischen Wahrheit besser abstecken, tradieren\u00a0und kommunizieren. Albert Einstein, als Genie des Jahrhunderts gefeiert, sagte ja auch selbst: \u201e<em>Seit die Mathematiker \u00fcber die Relativit\u00e4tstheorie hergefallen sind, verstehe ich sie selbst nicht mehr<\/em>\u201c oder \u201c<em>Mathematik ist die perfekte Methode, sich selbst an der Nase herum zu f\u00fchren<\/em>\u201c.<\/p>\n<p style=\"TEXT-ALIGN: justify\">(Jocelyne Lopez)\u00a0<\/p>\n<p style=\"TEXT-ALIGN: justify\">\u2014\u2014\u2014\u2014\u2014\u2014\u2014\u2014\u2014\u2014\u2014\u2014\u2014\u2014-<\/p>\n<p>Siehe auch:<\/p>\n<p><a title=\"Permanenter Link zu Albert Einstein: \u201eMathematik ist die perfekte Methode, sich selbst an der Nase herum zu f\u00fchren\u201c\" href=\"https:\/\/ekkehard-friebe.de\/blog\/albert-einstein-%e2%80%9emathematik-ist-die-perfekte-methode-sich-selbst-an-der-nase-herum-zu-fuhren%e2%80%9c\/\" target=\"_blank\"><strong><span style=\"color: #800000;\">Albert Einstein: \u201eMathematik ist die perfekte Methode, sich selbst an der Nase herum zu f\u00fchren\u201c<\/span><\/strong><\/a><\/p>\n<p><a href=\"http:\/\/www.jocelyne-lopez.de\/blog\/2009\/10\/die-mathematik-ist-nur-eine-sprache\/\" target=\"_blank\"><strong><span style=\"color: #800000;\">Die Mathematik ist nur eine Sprache <\/span><\/strong><\/a><\/p>\n<p><a href=\"http:\/\/www.jocelyne-lopez.de\/blog\/2009\/11\/galilei-lag-mit-der-mathematik-daneben\/\" target=\"_blank\"><strong><span style=\"color: #800000;\">Galilei lag mit der Mathematik daneben <\/span><\/strong><\/a><\/p>\n<p><a title=\"Permanenter Link zu Mathematik und Mathematismus\" href=\"https:\/\/ekkehard-friebe.de\/blog\/mathematik-und-mathematismus\/\" target=\"_blank\"><strong><span style=\"color: #800000;\">Mathematik und Mathematismus<\/span><\/strong><\/a><\/p>\n<p><a href=\"http:\/\/www.jocelyne-lopez.de\/blog\/2010\/02\/die-verantwortung-des-herrn-prof-dr-jurgen-richter\/\" target=\"_blank\"><strong><span style=\"color: #800000;\">Die Verantwortung des Herrn Prof. Dr. J\u00fcrgen Richter <\/span><\/strong><\/a><\/p>\n<p><strong>(Zitatende) <\/strong><\/p>\n<p>Beste Gr\u00fc\u00dfe <strong><a title=\"Ekkehard Friebe\" href=\"http:\/\/www.worldsci.org\/php\/index.php?tab0=Scientists&amp;tab1=Display&amp;id=494\" target=\"_blank\"><span style=\"color: #800000;\">Ekkehard Friebe<\/span><\/a> <\/strong><\/p>\n","protected":false},"excerpt":{"rendered":"<p>Ich bringe nun einen Beitrag vom 27. M\u00e4rz 2010 aus dem Blog von Jocelyne Lopez. Diesen Beitrag halte ich f\u00fcr besonders wichtig. Zitat: Die Mathematiker sind am intellektuellen Desaster der Relativit\u00e4tstheorie Schuld Dr. Markus P\u00f6ssel vom Albert Einstein Institut hat 2008 die grundlegende Frage der Realit\u00e4t der relativistischen Effekte durch die Vermittlung des Bundesministeriums f\u00fcr [&hellip;]<\/p>\n","protected":false},"author":3,"featured_media":0,"comment_status":"open","ping_status":"open","sticky":false,"template":"","format":"standard","meta":{"footnotes":""},"categories":[5],"tags":[],"class_list":["post-2765","post","type-post","status-publish","format-standard","hentry","category-deutschsprachige-kritik-der-relativitatstheorie"],"_links":{"self":[{"href":"https:\/\/ekkehard-friebe.de\/blog\/wp-json\/wp\/v2\/posts\/2765"}],"collection":[{"href":"https:\/\/ekkehard-friebe.de\/blog\/wp-json\/wp\/v2\/posts"}],"about":[{"href":"https:\/\/ekkehard-friebe.de\/blog\/wp-json\/wp\/v2\/types\/post"}],"author":[{"embeddable":true,"href":"https:\/\/ekkehard-friebe.de\/blog\/wp-json\/wp\/v2\/users\/3"}],"replies":[{"embeddable":true,"href":"https:\/\/ekkehard-friebe.de\/blog\/wp-json\/wp\/v2\/comments?post=2765"}],"version-history":[{"count":0,"href":"https:\/\/ekkehard-friebe.de\/blog\/wp-json\/wp\/v2\/posts\/2765\/revisions"}],"wp:attachment":[{"href":"https:\/\/ekkehard-friebe.de\/blog\/wp-json\/wp\/v2\/media?parent=2765"}],"wp:term":[{"taxonomy":"category","embeddable":true,"href":"https:\/\/ekkehard-friebe.de\/blog\/wp-json\/wp\/v2\/categories?post=2765"},{"taxonomy":"post_tag","embeddable":true,"href":"https:\/\/ekkehard-friebe.de\/blog\/wp-json\/wp\/v2\/tags?post=2765"}],"curies":[{"name":"wp","href":"https:\/\/api.w.org\/{rel}","templated":true}]}}