{"id":2756,"date":"2010-03-18T11:45:22","date_gmt":"2010-03-18T10:45:22","guid":{"rendered":"http:\/\/ekkehard-friebe.de\/blog\/?p=2756"},"modified":"2010-03-18T12:02:24","modified_gmt":"2010-03-18T11:02:24","slug":"die-verantwortung-des-herrn-prof-dr-jurgen-richter","status":"publish","type":"post","link":"https:\/\/ekkehard-friebe.de\/blog\/die-verantwortung-des-herrn-prof-dr-jurgen-richter\/","title":{"rendered":"Die Verantwortung des Herrn Prof. Dr. J\u00fcrgen Richter"},"content":{"rendered":"<p>Nachstehend bringe ich einen Beitrag vom 22. Februar 2010 aus dem Blog von <strong><a title=\"Jocelyne Lopez.\" href=\"http:\/\/www.worldsci.org\/php\/index.php?tab0=Scientists&amp;tab1=Display&amp;id=499\" target=\"_blank\"><span style=\"color: #800000;\">Jocelyne Lopez.<\/span><\/a><\/strong><\/p>\n<p><strong>Zitat: <\/strong><\/p>\n<h3><a href=\"http:\/\/www.jocelyne-lopez.de\/blog\/2010\/02\/die-verantwortung-des-herrn-prof-dr-jurgen-richter\/\" target=\"_blank\"><span style=\"color: #800000;\">Die Verantwortung des Herrn Prof. Dr. J\u00fcrgen Richter <\/span><\/a><\/h3>\n<p style=\"TEXT-ALIGN: justify\">Ich komme auf Aussagen aus dem Kapitel 9 der Forschungsgruppe G.O. Mueller <a href=\"http:\/\/www.jocelyne-lopez.de\/blog\/2009\/06\/go-mueller-ein-experiment-der-besonderen-art\/\" target=\"_blank\"><span style=\"color: #800000;\">Das Gedankenexperiment<\/span><\/a>\u00a0zur\u00fcck:\u00a0<\/p>\n<p style=\"TEXT-ALIGN: justify\">Mit der Verantwortung der Verantwortlichen hat es eine besondere Bewandtnis: das Gehalt schleppen sie immer weg, die Verantwortung lassen sie gern liegen. Sie haben sie jedenfalls nie bei sich, wenn es darauf ankommt.\u00a0Das Projekt hat sich deshalb vorgenommen, in einem Experiment zur Relativit\u00e4tskatastrophe diese popul\u00e4re Erfahrung an den Einzelnen zu testen. Da Verantwortung ein pers\u00f6nlicher Anspruch ist, kann er auch nur individuell getestet werden.\u00a0<br \/>\nTesten wir also die Verantwortung an einem Einzelnen, zum Beispiel an Prof. Dr. J\u00fcrgen Richter vom Bundesministerium f\u00fcr Bildung und Forschung:\u00a0<\/p>\n<p><!--more-->\u00a0<br \/>\nDer Mann ist Physiker und Beamter. \u2013\n<\/p>\n<p style=\"PADDING-LEFT: 30px\">1. Als Beamter hat er einen Amtseid abgegeben, die Bestimmungen des Grundgesetzes im Interesse der Allgemeinheit zu respektieren, u.a. im Rahmen der Wissenschaftsfreiheit (siehe z.B. <a href=\"http:\/\/www.jocelyne-lopez.de\/blog\/2010\/01\/fur-die-umsetzung-des-grundgesetzes\/\" target=\"_blank\"><span style=\"color: #800000;\">hier<\/span><\/a>). Er ist ein Staatsdiener und wird von den Steuerzahlern bezahlt. \u2013<br \/>\n2. Er ist seit 2002 Herausgeber und Mitglied <a href=\"http:\/\/www.weltderphysik.de\/de\/5450.php\" target=\"_blank\"><span style=\"color: #800000;\">des Lenkungsausschu\u00dfes \u201eWelt-der-Physik\u201c<\/span><\/a>\u00a0im Auftrag des Bundesministeriums f\u00fcr Bildung und Forschung. Ihm wurden also langj\u00e4hrig wichtige Lenkungsfunktionen in der akademischen Physik im Interesse der Wissenschaft und der Allgemeinheit anvertraut.\u2013<br \/>\n3. 2006 wurde er von der Bundesministerin Dr. Annette Schavan beauftragt, die Anfrage der Forschungsgruppe G.O. Mueller im Rahmen einer umfangreichen und einmaligen Dokumentation \u00fcber 95 Jahre weltweite fachliche Kritik der Speziellen Relativit\u00e4tstheorie zu bearbeiten, sowie auch Vorw\u00fcrfe und Beschwerden \u00fcber die Unterdr\u00fcckung der Kritik und die Diskriminierung der Kritiker zu pr\u00fcfen.\u2013<br \/>\n4. Diese Anfrage l\u00e4sst er fachlich nicht pr\u00fcfen, sondern teilt lediglich mit, dass andere Beamten f\u00fcr die fachliche Pr\u00fcfung zust\u00e4ndig seien (Max-Planck-Gesellschaft f\u00fcr Gravitationsphysik \/ Albert Einstein Institut in Potsdam) und dass man sich bitte an sie zu wenden hat.<br \/>\n<strong><em>NB<\/em><\/strong><em>: Ein Mitarbeiter des genannten Albert Einstein Instituts in Potsdam, Dr. Markus P\u00f6ssel, teilte mir allerdings einige Zeit sp\u00e4ter mit, dass er kein Interesse an die Untersuchung der Dokumentation von G.O. Mueller habe, da er sich\u00a0pers\u00f6nlich schon vor l\u00e4ngerer Zeit mit dem historischen und fachlichen Aspekt der Kritik der Relativit\u00e4tstheorie auseinandersgesetzt habe &#8211;\u00a0was das auch immer bedeuten mag, siehe <\/em><a href=\"http:\/\/www.jocelyne-lopez.de\/blog\/2010\/02\/die-etablierten-vertreter-der-akademischen-physik-meiden-die-offentliche-auseinandersetzung-mit-der-kritik\/\" target=\"_blank\"><em><span style=\"color: #800000;\">hier<\/span><\/em><\/a><em>.<\/em>\u2013<br \/>\n5. Die Vorw\u00fcrfe und Beschwerden \u00fcber die Unterdr\u00fcckung der Kritik und die Diskriminierung der Kritiker l\u00e4sst Prof. Dr. J\u00fcrgen Richter auch nicht pr\u00fcfen, sondern behauptet lediglich, es g\u00e4be keine Unterdr\u00fcckung und keine Diskriminierung, da die Dokumentation im Internet privat ver\u00f6ffentlicht wurde und von daher eine ausreichende Verbreitung in der \u00d6ffentlichkeit vorweisen kann.<br \/>\nSiehe: <a href=\"http:\/\/www.jocelyne-lopez.de\/blog\/2009\/11\/stellungnahme-von-frau-dr-annette-schavan-zu-den-gravierenden-gesellschaftlichen-missstanden-um-die-unterdruckung-der-kritik-der-relativitatstheorie\/\" target=\"_blank\"><span style=\"color: #800000;\">Stellungnahme von Frau Dr. Annette Schavan zu den gravierenden gesellschaftlichen Missst\u00e4nden um die Unterdr\u00fcckung der Kritik der Relativit\u00e4tstheorie<\/span><\/a>.\u2013<br \/>\n6. Nachdem ein fachlich zust\u00e4ndiger Beamter vom Albert Einstein Institut (Dr. Markus P\u00f6ssel) 2008 best\u00e4tigte, dass die relativistischen Effekte physikalisch nicht existieren, wurde Prof. Dr. J\u00fcrgen Richter 2009 <a href=\"http:\/\/wissenschaftliche-physik.com\/2009\/07\/ansprache-an-das-bundesministerium-fur-bildung-und-forschung\/\" target=\"_blank\"><span style=\"color: #800000;\">erneut zur Stellungnahme gebeten<\/span><\/a>, warum im \u00f6ffentlichen Bildungssystem einer Generation nach der Andere Effekte als real gelehrt werden (z.B. Zwillingsparadoxon), die nicht real existieren und dadurch die Sch\u00fcler und Studenten irregef\u00fchrt werden. Er wurde gefragt, was das Bundesministerium f\u00fcr Bildung und Forschung gedenkt zu unternehmen, damit diese falsche Auslegung der Theorie im \u00f6ffentlichen Bildungs- und Forschungs-system korrigiert wird.<br \/>\nProf. Dr. J\u00fcrgen Richter schweigt.<\/p>\n<p style=\"TEXT-ALIGN: justify\">Meine Frage:<br \/>\nHat sich der Physiker, Beamter und Herausgeber des Lenkungsausschu\u00dfes des Bundesministeriums f\u00fcr Bildung und Forschung Prof. Dr. J\u00fcrgen Richter im Sinne seines Amtes, im Sinne der Gesetzgebung, im Interesse der heranwachsenden Generationen und der Allgemeinheit, im Interesse der Grundrechte von B\u00fcrgern, sprich im Sinne seiner Verantwortung verhalten?<br \/>\nF\u00fcr mich gibt es eine ganz klare Antwort: Nein.\n<\/p>\n<p style=\"TEXT-ALIGN: justify\">(Jocelyne Lopez)\u00a0<\/p>\n<p style=\"TEXT-ALIGN: justify\"><a href=\"http:\/\/www.jocelyne-lopez.de\/blog\/2010\/02\/die-verantwortung-des-herrn-prof-dr-jurgen-richter\/#top#top\" target=\"_blank\"><span style=\"color: #800000;\">zur\u00fcck nach oben<\/span><\/a> | Ver\u00f6ffentlicht in <a title=\"Alle Artikel in Forschungsgruppe G.O. Mueller ansehen\" href=\"http:\/\/www.jocelyne-lopez.de\/blog\/category\/go-mueller\/\" target=\"_blank\"><span style=\"color: #800000;\">Forschungsgruppe G.O. Mueller<\/span><\/a><span style=\"color: #800000;\">, <\/span><a title=\"Alle Artikel in Kritik der Relativit\u00e4tstheorie ansehen\" href=\"http:\/\/www.jocelyne-lopez.de\/blog\/category\/kritik-der-relativitatstheorie\/\" target=\"_blank\"><span style=\"color: #800000;\">Kritik der Relativit\u00e4tstheorie<\/span><\/a><\/p>\n<hr size=\"2\" \/>\n<h2>Comments<\/h2>\n<ol>\n<li><a href=\"http:\/\/www.jocelyne-lopez.de\/blog\/2010\/02\/die-verantwortung-der-bundestagsabgeordneten\/\" target=\"_blank\"><span style=\"color: #800000;\">Die Verantwortung der Bundestagsabgeordneten | Blog &#8211; Jocelyne Lopez<\/span><\/a><\/li>\n<\/ol>\n<p>Februar 25th, 2010 | <a title=\"comment link url\" href=\"http:\/\/www.jocelyne-lopez.de\/blog\/2010\/02\/die-verantwortung-des-herrn-prof-dr-jurgen-richter\/#comment-1136#comment-1136\" target=\"_blank\"><span style=\"color: #800000;\">09:00\u00a0<\/span><\/a>\u00a0<br \/>\n[&#8230;] Die Bundestagsabgeordnete Dr. Annette Schavan ist jedoch ihrer Verantwortung als Bundesministerin f\u00fcr Bildung und Forschung nicht nachgegangen, weil der von ihr beauftragte Mitarbeiter zwar das Gehalt weggeschleppt, jedoch die Verantwortung liegen gelassen hat, siehe Die Verantwortung des Herrn Prof. Dr. J\u00fcrgen Richter. [&#8230;]<\/p>\n<ol>\n<li><a href=\"http:\/\/www.jocelyne-lopez.de\/blog\/2010\/02\/dr-markus-possel-endlich-eine-eindeutige-aufklarung\/\" target=\"_blank\"><span style=\"color: #800000;\">Dr. Markus P\u00f6ssel: Endlich eine eindeutige Aufkl\u00e4rung | Blog &#8211; Jocelyne Lopez<\/span><\/a><\/li>\n<\/ol>\n<p>Februar 27th, 2010 | <a title=\"comment link url\" href=\"http:\/\/www.jocelyne-lopez.de\/blog\/2010\/02\/die-verantwortung-des-herrn-prof-dr-jurgen-richter\/#comment-1140#comment-1140\" target=\"_blank\"><span style=\"color: #800000;\">08:02<\/span>\u00a0<\/a>\u00a0<br \/>\n[&#8230;] in diesem Fall l\u00e4sst er seine Verantwortung\u00a0einfach [&#8230;]<\/p>\n<ol>\n<li><a href=\"http:\/\/www.jocelyne-lopez.de\/blog\/2010\/03\/gedankenlosigkeit-und-schlamperei-sind-keine-verschworungen\/\" target=\"_blank\"><span style=\"color: #800000;\">Gedankenlosigkeit und Schlamperei sind keine Verschw\u00f6rungen | Blog &#8211; Jocelyne Lopez<\/span><\/a><\/li>\n<\/ol>\n<p>M\u00e4rz 2nd, 2010 | <a title=\"comment link url\" href=\"http:\/\/www.jocelyne-lopez.de\/blog\/2010\/02\/die-verantwortung-des-herrn-prof-dr-jurgen-richter\/#comment-1145#comment-1145\" target=\"_blank\"><span style=\"color: #800000;\">07:49<\/span>\u00a0<\/a>\u00a0<br \/>\n[&#8230;] Verhalten\u00a0von Prof. Dr. J\u00fcrgen Richter von Bundesministerium f\u00fcr Bildung und Forschung ist z.B. in meinen Augen ein Beispiel daf\u00fcr, wie [&#8230;]<\/p>\n<p><strong>(Zitatende) <\/strong><\/p>\n<p>Beste Gr\u00fc\u00dfe <strong><a title=\"Ekkehard Friebe\" href=\"http:\/\/www.worldsci.org\/php\/index.php?tab0=Scientists&amp;tab1=Display&amp;id=494\" target=\"_blank\"><span style=\"color: #800000;\">Ekkehard Friebe<\/span><\/a>\u00a0<\/strong><\/p>\n","protected":false},"excerpt":{"rendered":"<p>Nachstehend bringe ich einen Beitrag vom 22. Februar 2010 aus dem Blog von Jocelyne Lopez. Zitat: Die Verantwortung des Herrn Prof. Dr. J\u00fcrgen Richter Ich komme auf Aussagen aus dem Kapitel 9 der Forschungsgruppe G.O. Mueller Das Gedankenexperiment\u00a0zur\u00fcck:\u00a0 Mit der Verantwortung der Verantwortlichen hat es eine besondere Bewandtnis: das Gehalt schleppen sie immer weg, die [&hellip;]<\/p>\n","protected":false},"author":3,"featured_media":0,"comment_status":"open","ping_status":"open","sticky":false,"template":"","format":"standard","meta":{"footnotes":""},"categories":[5],"tags":[],"class_list":["post-2756","post","type-post","status-publish","format-standard","hentry","category-deutschsprachige-kritik-der-relativitatstheorie"],"_links":{"self":[{"href":"https:\/\/ekkehard-friebe.de\/blog\/wp-json\/wp\/v2\/posts\/2756"}],"collection":[{"href":"https:\/\/ekkehard-friebe.de\/blog\/wp-json\/wp\/v2\/posts"}],"about":[{"href":"https:\/\/ekkehard-friebe.de\/blog\/wp-json\/wp\/v2\/types\/post"}],"author":[{"embeddable":true,"href":"https:\/\/ekkehard-friebe.de\/blog\/wp-json\/wp\/v2\/users\/3"}],"replies":[{"embeddable":true,"href":"https:\/\/ekkehard-friebe.de\/blog\/wp-json\/wp\/v2\/comments?post=2756"}],"version-history":[{"count":0,"href":"https:\/\/ekkehard-friebe.de\/blog\/wp-json\/wp\/v2\/posts\/2756\/revisions"}],"wp:attachment":[{"href":"https:\/\/ekkehard-friebe.de\/blog\/wp-json\/wp\/v2\/media?parent=2756"}],"wp:term":[{"taxonomy":"category","embeddable":true,"href":"https:\/\/ekkehard-friebe.de\/blog\/wp-json\/wp\/v2\/categories?post=2756"},{"taxonomy":"post_tag","embeddable":true,"href":"https:\/\/ekkehard-friebe.de\/blog\/wp-json\/wp\/v2\/tags?post=2756"}],"curies":[{"name":"wp","href":"https:\/\/api.w.org\/{rel}","templated":true}]}}