{"id":2668,"date":"2009-11-23T06:30:11","date_gmt":"2009-11-23T05:30:11","guid":{"rendered":"http:\/\/ekkehard-friebe.de\/blog\/?p=2668"},"modified":"2009-11-23T06:30:11","modified_gmt":"2009-11-23T05:30:11","slug":"reiner-bergner-%e2%80%9erelativitatstheorie-ade-es-lebe-das-relative%e2%80%9c","status":"publish","type":"post","link":"https:\/\/ekkehard-friebe.de\/blog\/reiner-bergner-%e2%80%9erelativitatstheorie-ade-es-lebe-das-relative%e2%80%9c\/","title":{"rendered":"Reiner Bergner: \u201eRelativit\u00e4tstheorie ade! &#8211; Es lebe das Relative!\u201c"},"content":{"rendered":"<p>Auf folgendes Buch von<strong> <a title=\"Reiner Bergner\" href=\"http:\/\/www.reinerbergner.de\/\" target=\"_blank\"><span style=\"color: #800000;\">Reiner Bergner<\/span><\/a> <\/strong>m\u00f6chte ich besonders aufmerksam machen:<\/p>\n<dl class=\"clearfix fotor\">\n<dt><img decoding=\"async\" title=\"Reiner Bergner\" src=\"http:\/\/www.ekkehard-friebe.de\/BUCH_Reiner-Bergner-B.jpg\" alt=\"Reiner Bergner\" \/><\/dt>\n<dd style=\"text-align: left;\"><strong><\/strong>\u00a0<\/dd>\n<\/dl>\n<p><strong>Zitat: <\/strong><\/p>\n<p style=\"TEXT-ALIGN: justify\"><strong>\u201e<a title=\"Relativit\u00e4tstheorie ade!  -  Es lebe das Relative!\" href=\"http:\/\/www.reinerbergner.de\/html\/das_buch.html\" target=\"_blank\"><span style=\"color: #800000;\">Relativit\u00e4tstheorie ade!\u00a0 &#8211;\u00a0 Es lebe das Relative!<\/span><\/a>\u201c<\/strong><br \/>\nMeine allgemeine Darstellung der Relativit\u00e4tstheorie ist in ganz einfachen Worten gehalten. Einfache Worte deshalb, weil ich kein Schriftsteller, schon gar nicht studierter Physiker bin was mich zwar ein wenig \u00e4rgert aber nicht zur\u00fcckh\u00e4lt meine Meinung zur Relativit\u00e4tstheorie zu \u00e4u\u00dfern. Mit einer geh\u00f6rigen Portion Mut stelle ich deshalb meine Ansicht \u00fcber die RT in Form eines Buches der \u00d6ffentlichkeit vor. Ich wei\u00df auch dass mein \u00f6ffentlicher Auftritt aussehen muss wie der unn\u00fctze Kampf von Don Quichotte gegen Windm\u00fchlen aber davon lasse ich mich nicht beeindrucken.\n<\/p>\n<p style=\"TEXT-ALIGN: justify\">Meine feste Meinung, dass es keine Zeitdehnung und L\u00e4ngenverk\u00fcrzung gibt, lasse ich mir nicht nehmen dazu sind meine Argumente ebenso logisch wie einleuchtend. Ich muss mich in meinen Ausf\u00fchrungen nicht mit Paradoxen auseinandersetzen da es keine gibt.<\/p>\n<p style=\"TEXT-ALIGN: justify\"><!--more-->Daf\u00fcr muss sich die RT mit sehr vielen Paradoxen auseinandersetzen. Schon allein eine solche Theorie die mit viel ungekl\u00e4rten sich widersprechenden Fakten etwas beweisen will hat es nicht verdient in der Wissenschaft eine Rolle zu spielen. Die Aussage: Das Laien oder Autodidakten sich nur an den Worten festhalten und beteuern die RT ist nicht richtig mag f\u00fcr manche zutreffen. Wenn man aber weiter Fragen stellt und weitere Argumente gegen die RT findet muss man zwangsl\u00e4ufig zu einem v\u00f6llig neuen Bild kommen. Zum Beispiel das vielger\u00fchmte Zwillingsparadoxon, in dem ein Zwilling sich von der Erde wegbewegt und ein Zwilling zu Hause bleibt, der bewegte Zwilling soll wesentlich j\u00fcnger sein wenn sich beide wieder auf der Erde treffen. Auf den ersten Blick eine sensationelle Entdeckung f\u00fcr die Menschheit. So kann man die RT noch verstehen, denn mathematisch ist alles korrekt, bis auf die Tatsache, dass die dazu verwendeten Formeln nicht von der Natur abgeleitet sind sondern vom Menschen zurechtgebogen wurden.<\/p>\n<p style=\"TEXT-ALIGN: justify\">Was wird aber, und das sind meine ureigensten Gedanken, wenn ich Drillinge oder gar Vierlinge usw. in das Experiment einbeziehe? Kritiker an meinen Ausf\u00fchrungen werden schon bemerken das ich nicht einfach nur etwas nachplappere was andere schon f\u00fcr erwiesen ansehen und sie bemerken auch das ihnen langsam der Boden unter den F\u00fc\u00dfen weggezogen wird.<\/p>\n<p style=\"TEXT-ALIGN: justify\">Was Geschieht eigentlich wenn Drillinge am Experiment teilnehmen? Ein Drilling bleibt auf der Erde. Die beiden anderen Drillinge fliegen zur gleichen Zeit ab, nur mit dem Unterschied das ein Drilling mit 0,5facher und der andere Drilling mit 0,9facher sich bewegt, und kommen exakt zur gleichen Zeit wieder auf der Erde an. Nach der RT hei\u00dft das dass der zur\u00fcckgebliebene Drilling mit zwei verschiedenen Wartezeiten auf seine Br\u00fcder warten m\u00fcsste. Wie er das Kunstst\u00fcck fertig bringen will steht in den Sternen! Zwei verschiedene Wartezeiten hei\u00dft aber auch das unsere gute alte Erde mit zwei verschiedenen Drehmomenten die Aussage der RT wahr machen muss. Wie die Physik das unter einen Hut bringt ist f\u00fcr einen logisch denkenden Menschen nicht nachvollziehbar.<\/p>\n<p style=\"TEXT-ALIGN: justify\">Wenn die Relativit\u00e4tstheorie ein wissenschaftlicher H\u00f6hepunkt darstellen soll muss einiges schiefgelaufen sein in der Wissenschaft.<\/p>\n<p style=\"TEXT-ALIGN: justify\">Ein weiterer Punkt ist die Behauptung dass bewegte und von Gravitation beeinflusste Uhren langsamer gehen sollen. Damit will man sagen durch Bewegung oder Gravitation wird die Zeit beeinflusst. Der gr\u00f6\u00dfte Unsinn wird mit dieser Behauptung aufgestellt. Selbst wenn Uhren, gleich welcher Art, tats\u00e4chlich nachgehen z.B. durch Einwirken der Kr\u00e4fte auf das atomare Gef\u00fcge der Uhren, l\u00e4sst sich niemals die Zeit davon beeinflussen.<\/p>\n<p style=\"TEXT-ALIGN: justify\">Weg mit dem Unsinn wie: Inertialsystem, Lorentzfaktor, Uhren gehen langsamer, Zwillingsparadox, usw.<\/p>\n<p style=\"TEXT-ALIGN: justify\">Ein ganz besonderer Leckerbissen ist mein Schneckenparadoxon \u2013 herrlich zu lesen \u2013 macht aber den Irrtum der RT \u00fcber Zeitdehnung richtig deutlich.<\/p>\n<p style=\"TEXT-ALIGN: justify\">Weitere Argumente m\u00f6chte ich hier nicht erw\u00e4hnen aber das Interesse wecken mein Buch \u201eRelativit\u00e4tstheorie ade! Es lebe das Relative!\u201c zu lesen um gen\u00fcsslich zu erkennen, dass die RT der gr\u00f6\u00dfte Bluff ist der der Welt zugemutet wurde. Nachdem Sie das Buch gelesen haben, werden Sie hoffentlich nicht mit positiver oder negativer Kritik hinter den Berg halten, sondern mir zukommen lassen.<\/p>\n<p style=\"TEXT-ALIGN: justify\">Ein bis jetzt unerkanntes Paradoxon: Durch hohe Geschwindigkeit dehnt sich die Zeit und die L\u00e4ngen verk\u00fcrzen sich; wenn die L\u00e4nge sich aber verk\u00fcrzt erh\u00f6ht sich zwangsl\u00e4ufig die Geschwindigkeit und die Zeit dehnt sich noch weiter und die L\u00e4ngen sich&#8230;<\/p>\n<p style=\"TEXT-ALIGN: justify\">Jetzt wird es m\u00f6glich zum Rand des Universums zu fliegen und am Nachmittag sind wir wieder zu Hause!\u00a0<br \/>\nJedem der meine Argumente erkennt, dem f\u00e4llt Ein&#8230;Stein vom Herzen!!!\u00a0<\/p>\n<p style=\"TEXT-ALIGN: justify\">Erschienen Im Verlagshaus Monsenstein und Vannerdat OHG, M\u00fcnster\u00a0<br \/>\nZu Bestellen bei Amazon und in jeder Buchhandlung unter Angabe der ISBN 3-86582-088-3\u00a0\n<\/p>\n<p style=\"TEXT-ALIGN: justify\">Reiner Bergner im Januar 2006<\/p>\n<p style=\"TEXT-ALIGN: justify\">(<strong>Zitatende) <\/strong><\/p>\n<p style=\"TEXT-ALIGN: justify\">Beste Gr\u00fc\u00dfe <strong><a title=\"Ekkehard Friebe\" href=\"http:\/\/www.worldsci.org\/php\/index.php?tab0=Scientists&amp;tab1=Display&amp;id=494\" target=\"_blank\"><span style=\"color: #800000;\">Ekkehard Friebe<\/span><\/a> <\/strong><\/p>\n","protected":false},"excerpt":{"rendered":"<p>Auf folgendes Buch von Reiner Bergner m\u00f6chte ich besonders aufmerksam machen: \u00a0 Zitat: \u201eRelativit\u00e4tstheorie ade!\u00a0 &#8211;\u00a0 Es lebe das Relative!\u201c Meine allgemeine Darstellung der Relativit\u00e4tstheorie ist in ganz einfachen Worten gehalten. Einfache Worte deshalb, weil ich kein Schriftsteller, schon gar nicht studierter Physiker bin was mich zwar ein wenig \u00e4rgert aber nicht zur\u00fcckh\u00e4lt meine Meinung [&hellip;]<\/p>\n","protected":false},"author":3,"featured_media":0,"comment_status":"open","ping_status":"open","sticky":false,"template":"","format":"standard","meta":{"footnotes":""},"categories":[5],"tags":[],"class_list":["post-2668","post","type-post","status-publish","format-standard","hentry","category-deutschsprachige-kritik-der-relativitatstheorie"],"_links":{"self":[{"href":"https:\/\/ekkehard-friebe.de\/blog\/wp-json\/wp\/v2\/posts\/2668"}],"collection":[{"href":"https:\/\/ekkehard-friebe.de\/blog\/wp-json\/wp\/v2\/posts"}],"about":[{"href":"https:\/\/ekkehard-friebe.de\/blog\/wp-json\/wp\/v2\/types\/post"}],"author":[{"embeddable":true,"href":"https:\/\/ekkehard-friebe.de\/blog\/wp-json\/wp\/v2\/users\/3"}],"replies":[{"embeddable":true,"href":"https:\/\/ekkehard-friebe.de\/blog\/wp-json\/wp\/v2\/comments?post=2668"}],"version-history":[{"count":0,"href":"https:\/\/ekkehard-friebe.de\/blog\/wp-json\/wp\/v2\/posts\/2668\/revisions"}],"wp:attachment":[{"href":"https:\/\/ekkehard-friebe.de\/blog\/wp-json\/wp\/v2\/media?parent=2668"}],"wp:term":[{"taxonomy":"category","embeddable":true,"href":"https:\/\/ekkehard-friebe.de\/blog\/wp-json\/wp\/v2\/categories?post=2668"},{"taxonomy":"post_tag","embeddable":true,"href":"https:\/\/ekkehard-friebe.de\/blog\/wp-json\/wp\/v2\/tags?post=2668"}],"curies":[{"name":"wp","href":"https:\/\/api.w.org\/{rel}","templated":true}]}}