{"id":2118,"date":"2009-06-30T08:02:29","date_gmt":"2009-06-30T07:02:29","guid":{"rendered":"http:\/\/ekkehard-friebe.de\/blog\/?p=2118"},"modified":"2009-06-30T08:09:56","modified_gmt":"2009-06-30T07:09:56","slug":"lehren-sind-aus-dem-vergleich-der-skandale","status":"publish","type":"post","link":"https:\/\/ekkehard-friebe.de\/blog\/lehren-sind-aus-dem-vergleich-der-skandale\/","title":{"rendered":"Lehren aus dem Vergleich der Skandale"},"content":{"rendered":"<p style=\"TEXT-ALIGN: justify\">Eine weitere Leseprobe von den Seiten 30 bis 31 der Dokumentation <strong>\u201e<a title=\"Das Gedankenexperiment\" href=\"http:\/\/www.ekkehard-friebe.de\/kap9.pdf\" target=\"_blank\"><span style=\"color: #800000;\">Das Gedankenexperiment<\/span><\/a>&#8222;<\/strong> vom Mai 2009:<\/p>\n<p style=\"TEXT-ALIGN: justify\"><strong>Zitat: <\/strong><\/p>\n<p style=\"TEXT-ALIGN: justify\"><strong>Welche Lehren sind aus dem Vergleich der Skandale zu ziehen?<\/strong><\/p>\n<p style=\"TEXT-ALIGN: justify\">Wir erkennen an den betrachteten Skandalen insgesamt f\u00fcnf wichtige Charakteristika: (1) alles ist seit langem bekannt, (2) lange Zeit wagt kein Presseorgan zu berichten, (3) die T\u00e4ter erleiden einen Realit\u00e4tsverlust und glauben, da\u00df die Sache nie auffliegen wird, (4) in vielen F\u00e4llen kommt den T\u00e4tern sogar das Rechts- und Unrechtsbewu\u00dftsein abhanden, und (5) nach dem Bekanntwerden des Skandals melden sich keine Verantwortlichen, sie lassen sich vielmehr nur widerstrebend und m\u00fchsam ans Licht zerren.<\/p>\n<p style=\"TEXT-ALIGN: justify\">Alle Skandalf\u00e4lle sind jahrelang im Umfeld der Betroffenen bekannt, bevor sie die \u00d6ffentlichkeit erreichen. Der Start unseres Projekts in die \u00d6ffentlichkeit im Jahre 2001 und der f\u00fcr die Publizit\u00e4t entscheidende Auftritt im Internet seit 2004 liegen erst 7 und 4 Jahre zur\u00fcck. Damit befindet sich das Gedanken\u00adexperiment vergleichsweise erst im Anfangsstadium. Angesichts der Dimensionen der von unserem Projekt ans Tageslicht bef\u00f6rderten Problematik wird es bis zur Aufkl\u00e4rung in der \u00d6ffentlichkeit also wohl noch ein paar Jahre dauern. Es besteht daher kein Grund zur Ungeduld.<\/p>\n<p style=\"TEXT-ALIGN: justify\"><!--more-->Trotz des bereits informierten Umfelds der akademischen Physik wird kein Presseorgan von sich aus zu berichten wagen. Die Organisatoren des Doppel-Betrugs, die Machthaber der theoretischen Physik und ihre Komplizen in der Politik, in den Medien und im gesamten Bildungswesen wissen nat\u00fcrlich, was auf dem Spiel steht, und werden weiterhin alles unternehmen, damit die gleichgeschalteten Zensur-Medien nicht von der Leine gelassen werden. Noch 2005 haben die Bundespolitiker mit 13 Millionen Euro Steuergeldern die Relativit\u00e4tstheorie feiern lassen. Da m\u00f6chte nat\u00fcrlich keiner der 614 informierten Bundestagsabgeordneten nun der \u00d6ffentlichkeit &#8222;April! April!&#8220; zurufen. Eine haltbare Kombination aus Eigeninteressen und Feigheit schmiedet die Akteure des Boykott- und Zensurkartells &#8222;Die Akademische Physik&#8220; zusammen.<\/p>\n<p style=\"TEXT-ALIGN: justify\">Besonders interessant ist die Erkenntnis, da\u00df alle T\u00e4ter und Organisatoren der Skandale offensichtlich davon \u00fcberzeugt sind, da\u00df ihre Rechtsbr\u00fcche und Betr\u00fcgereien nie auffliegen k\u00f6nnen oder auffliegen werden. Diese v\u00f6llige Verkennung der Realit\u00e4ten ist bei allen derartigen Unternehmungen zu beobachten, aber niemanden scheint es zu beeindrucken und von einer Wiederholung dieser Erfahrung abzuhalten. Die kriminellen Energien leben von einem geradezu kindischen, irrationalen Optimismus gegen jede Erfahrung.<\/p>\n<p style=\"TEXT-ALIGN: justify\">Die Realit\u00e4tsverweigerung kommt besonders eindringlich in der Anweisung eines Siemens-Managers zum Ausdruck, ihm keine schriftlichen Informationen zur Schmiergeld-Aff\u00e4re mehr zukommen zu lassen. Nach dieser Anweisung lebt das Relativit\u00e4tskartell der akademischen Physik seit 85 Jahren.<\/p>\n<p style=\"TEXT-ALIGN: justify\">Der Realit\u00e4tsverlust h\u00e4ngt eng zusammen mit der in manchen Skandalen ausdr\u00fccklich festgestellten &#8222;Erosion&#8220; des Rechtsbewu\u00dftseins, was auf gut deutsch den Zustand der Rechtlosigkeit und der reinen Willk\u00fcr der Akteure bedeutet. Wem es gelingt, erfolgreich sein eigenes Rechtsbewu\u00dftsein zu amputieren, der schafft damit eine gute Voraussetzung f\u00fcr den Realit\u00e4tsverlust. In der Relativit\u00e4ts-Katastrophe hat der &#8222;Reichskanzler der Physik&#8220; seine Kumpane in den Allmachtswahn gef\u00fchrt, sie k\u00f6nnten allen Wissenschaftlern und der \u00d6ffentlichkeit diktieren, was als wirklich zu gelten hat, und dieses Diktat obendrein jeder Beurteilung durch Au\u00dfenstehende entziehen. Damit hat er die Rechtlosigkeit aller kritischen Individuen in der wissenschaftlichen Diskussion verf\u00fcgt.<\/p>\n<p style=\"TEXT-ALIGN: justify\">Wenn die Skandale die \u00d6ffentlichkeit erreichen und \u00f6ffentlich nach den Verantwortlichen gefragt wird, meldet sich niemand. Niemand will etwas gewu\u00dft oder gar angeordnet haben. Bei kleinen Kindern und noch bei Schuljungen ist dies bekanntlich die psychologisch erste und einzige Verteidigungsstrategie. Bei Erwachsenen darf man jedoch anscheinend keine Weiterentwicklung erwarten: die sogenannten Profis reagieren wie die kleinen Kinder. Damit werden die Skandale f\u00fcr die \u00d6ffentlichkeit erst richtig sch\u00f6n.<\/p>\n<p style=\"TEXT-ALIGN: justify\">Die Aufkl\u00e4rung geht also nur mit Hilfe der Staatsanw\u00e4lte und von Zeugen voran, die in Erwartung oder gegen die Zusage mildernder Umst\u00e4nde \u201eauspacken&#8220;. Die Verantwortlichen verhalten sich wie die Berufsverbrecher und geben nur das zu, was man ihnen nachweisen kann. Erst wenn sie alles verloren geben m\u00fcssen, machen die neuen Spitzenkr\u00e4fte die Kehrtwende und fordern die bereits sattsam gel\u00e4ufige &#8222;brutalstm\u00f6gliche&#8220; Aufkl\u00e4rung. Sie schrecken vor keiner Klamotte zur\u00fcck. F\u00fcr die Relativit\u00e4tskatastrophe hat unser Forschungsprojekt vorgesorgt und die &#8222;Zeugenaussagen&#8220; in der Dokumentation schon gesammelt vorgelegt: es ist bereits &#8222;ausgepackt&#8220;.<\/p>\n<p style=\"TEXT-ALIGN: justify\">Die Erkenntnisse 1 &#8211; 4 treffen auch f\u00fcr die Relativit\u00e4tskatastrophe zu. Dagegen kann die Einschl\u00e4gigkeit der f\u00fcnften Erkenntnis noch nicht beurteilt werden, weil die Aufdeckung der Relativit\u00e4ts-Katastrophe in der \u00d6ffentlichkeit erst noch abzuwarten bleibt. Die Lebenserfahrung spricht allerdings daf\u00fcr, da\u00df die Relativit\u00e4ts-Machthaber wie die kleinen Kinder erst zwangsweise aus ihren Lebensl\u00fcgen, ihrem Realit\u00e4tsverlust und der absoluten Rechtsverweigerung herausgetrieben werden m\u00fcssen.<\/p>\n<p style=\"TEXT-ALIGN: justify\"><strong>(Zitatende) <\/strong><\/p>\n<p style=\"TEXT-ALIGN: justify\">Beste Gr\u00fc\u00dfe Ekkehard Friebe<\/p>\n","protected":false},"excerpt":{"rendered":"<p>Eine weitere Leseprobe von den Seiten 30 bis 31 der Dokumentation \u201eDas Gedankenexperiment&#8222; vom Mai 2009: Zitat: Welche Lehren sind aus dem Vergleich der Skandale zu ziehen? Wir erkennen an den betrachteten Skandalen insgesamt f\u00fcnf wichtige Charakteristika: (1) alles ist seit langem bekannt, (2) lange Zeit wagt kein Presseorgan zu berichten, (3) die T\u00e4ter erleiden [&hellip;]<\/p>\n","protected":false},"author":3,"featured_media":0,"comment_status":"open","ping_status":"open","sticky":false,"template":"","format":"standard","meta":{"footnotes":""},"categories":[4],"tags":[],"class_list":["post-2118","post","type-post","status-publish","format-standard","hentry","category-projekt"],"_links":{"self":[{"href":"https:\/\/ekkehard-friebe.de\/blog\/wp-json\/wp\/v2\/posts\/2118"}],"collection":[{"href":"https:\/\/ekkehard-friebe.de\/blog\/wp-json\/wp\/v2\/posts"}],"about":[{"href":"https:\/\/ekkehard-friebe.de\/blog\/wp-json\/wp\/v2\/types\/post"}],"author":[{"embeddable":true,"href":"https:\/\/ekkehard-friebe.de\/blog\/wp-json\/wp\/v2\/users\/3"}],"replies":[{"embeddable":true,"href":"https:\/\/ekkehard-friebe.de\/blog\/wp-json\/wp\/v2\/comments?post=2118"}],"version-history":[{"count":0,"href":"https:\/\/ekkehard-friebe.de\/blog\/wp-json\/wp\/v2\/posts\/2118\/revisions"}],"wp:attachment":[{"href":"https:\/\/ekkehard-friebe.de\/blog\/wp-json\/wp\/v2\/media?parent=2118"}],"wp:term":[{"taxonomy":"category","embeddable":true,"href":"https:\/\/ekkehard-friebe.de\/blog\/wp-json\/wp\/v2\/categories?post=2118"},{"taxonomy":"post_tag","embeddable":true,"href":"https:\/\/ekkehard-friebe.de\/blog\/wp-json\/wp\/v2\/tags?post=2118"}],"curies":[{"name":"wp","href":"https:\/\/api.w.org\/{rel}","templated":true}]}}